{"id":20679,"date":"2008-03-14T12:19:38","date_gmt":"2008-03-14T12:19:38","guid":{"rendered":"https:\/\/obscom.intervozes.org.br\/wordpress\/?p=20679"},"modified":"2008-03-14T12:19:38","modified_gmt":"2008-03-14T12:19:38","slug":"seminario-discutira-controle-social-da-imagem-da-mulher-na-midia","status":"publish","type":"post","link":"https:\/\/obscom.intervozes.org.br\/?p=20679","title":{"rendered":"Semin\u00e1rio discutir\u00e1 controle social da imagem da mulher na m\u00eddia"},"content":{"rendered":"<p style=\"margin: 0cm 0cm 0pt\" class=\"MsoNormal\"><span><em>Iniciativa da Articula&ccedil;&atilde;o Mulher e M&iacute;dia e da Secretaria de Pol&iacute;ticas paras a Mulheres pretende inaugurar um processo de forma&ccedil;&atilde;o no movimento feminista, para construir uma rede de monitoramento dos meios de comunica&ccedil;&atilde;o.<\/p>\n<p><\/em><\/span><span>O II Plano Nacional de Pol&iacute;ticas para as Mulheres (http:\/\/200.130.7.5\/spmu\/docs\/II_PNPM.pdf), lan&ccedil;ado no &uacute;ltimo dia 5 de mar&ccedil;o pelo governo federal, traz um novo eixo, aprovado na II Confer&ecirc;ncia das Mulheres, realizada em agosto de 2007: comunica&ccedil;&atilde;o e cultura. A novidade demonstra que as mulheres querem exercer participa&ccedil;&atilde;o central, ativa e constante na luta por uma outra m&iacute;dia no Brasil, incluindo a defesa da democratiza&ccedil;&atilde;o dos meios de comunica&ccedil;&atilde;o, a defini&ccedil;&atilde;o de crit&eacute;rios transparentes para outorga e renova&ccedil;&atilde;o de concess&otilde;es e o desenvolvimento de mecanismos de controle social do conte&uacute;do veiculado na TV.<\/p>\n<p><\/span><span>Respondendo a esta demanda, a ministra Nilc&eacute;a Freire, da Secretaria Especial de Pol&iacute;ticas para as Mulheres (SPM), se reuniu, nesta quarta-feira (12), em Bras&iacute;lia, com representantes da Articula&ccedil;&atilde;o Mulher e M&iacute;dia, grupo formado por cerca de 25 organiza&ccedil;&otilde;es do movimento feminista que, h&aacute; um ano, desenvolve a&ccedil;&otilde;es conjuntas de combate aos estere&oacute;tipos e preconceitos e &agrave; mercantiliza&ccedil;&atilde;o do corpo da mulher promovida pelos meios de comunica&ccedil;&atilde;o. A reuni&atilde;o teve como objetivo a organiza&ccedil;&atilde;o de um semin&aacute;rio nacional sobre o controle social da imagem da mulher na m&iacute;dia, previsto para maio.<\/p>\n<p><\/span><span>Na avalia&ccedil;&atilde;o das entidades, a maioria das mulheres brasileiras n&atilde;o se reconhece na TV. Elas v&ecirc;em como constantes na grade de programa&ccedil;&atilde;o a banaliza&ccedil;&atilde;o do sexo e da viol&ecirc;ncia, a fragilidade e subalternidade refor&ccedil;adas como coisa natural, a maternidade e o casamento como &uacute;nica fonte de realiza&ccedil;&atilde;o, o modelo inalcan&ccedil;&aacute;vel e impositivo de beleza, o que faz com que as mulheres tenham sua auto-estima rebaixada cotidianamente pelo principal meio de comunica&ccedil;&atilde;o em massa no pa&iacute;s. <\/p>\n<p><\/span><span>O semin&aacute;rio nacional sobre controle social deve ser um espa&ccedil;o para a troca de id&eacute;ias e experi&ecirc;ncias entre mulheres de diversas regi&otilde;es do pa&iacute;s; para o desenvolvimento de poss&iacute;veis respostas da sociedade ao controle social dos meios de comunica&ccedil;&atilde;o; e para o in&iacute;cio de um processo de forma&ccedil;&atilde;o, visando a constru&ccedil;&atilde;o de uma rede de monitoramento da m&iacute;dia. A Secretaria de Pol&iacute;ticas para as Mulheres deve lan&ccedil;ar este ano um edital para o desenvolvimento de um Observat&oacute;rio da Imagem da Mulher na M&iacute;dia, nos moldes do Observat&oacute;rio da Lei Maria da Penha.&nbsp; <\/p>\n<p><\/span><span>S&atilde;o esperadas cerca de 150 lideran&ccedil;as de organiza&ccedil;&otilde;es e movimentos de todas as regi&otilde;es do Brasil, al&eacute;m de representantes de minist&eacute;rios e &oacute;rg&atilde;os do Governo que tenham afinidade com o tema, como o Minist&eacute;rio da Cultura, da Comunica&ccedil;&atilde;o Social, da Educa&ccedil;&atilde;o, Secretaria Especial dos Direitos Humanos e Secretaria Especial de Pol&iacute;ticas de Promo&ccedil;&atilde;o da Igualdade Racial.<\/p>\n<p><\/span><span>Segundo o Plano Nacional, a m&iacute;dia tem um papel estrat&eacute;gico para o desenvolvimento dos demais eixos de pol&iacute;ticas para as mulheres. A avalia&ccedil;&atilde;o &eacute; a de que as pol&iacute;ticas necess&aacute;rias para a sa&uacute;de, a educa&ccedil;&atilde;o, a cultura, o combate &agrave; viol&ecirc;ncia e a toda forma de discrimina&ccedil;&atilde;o e para a amplia&ccedil;&atilde;o do espa&ccedil;o pol&iacute;tico da mulher poderiam ter grandes avan&ccedil;os com uma televis&atilde;o que representasse a diversidade e a pluralidade vis&otilde;es e fosse um espa&ccedil;o acess&iacute;vel &agrave;s mulheres.&nbsp;&nbsp;&nbsp;&nbsp; <\/span><\/p>\n","protected":false},"excerpt":{"rendered":"<p>Iniciativa da Articula&ccedil;&atilde;o Mulher e M&iacute;dia e da Secretaria de Pol&iacute;ticas paras a Mulheres pretende inaugurar um processo de forma&ccedil;&atilde;o no movimento feminista, para construir uma rede de monitoramento dos meios de comunica&ccedil;&atilde;o. O II Plano Nacional de Pol&iacute;ticas para as Mulheres (http:\/\/200.130.7.5\/spmu\/docs\/II_PNPM.pdf), lan&ccedil;ado no &uacute;ltimo dia 5 de mar&ccedil;o pelo governo federal, traz um &hellip; <a href=\"https:\/\/obscom.intervozes.org.br\/?p=20679\" class=\"more-link\">Continue lendo <span class=\"screen-reader-text\">Semin\u00e1rio discutir\u00e1 controle social da imagem da mulher na m\u00eddia<\/span> <span class=\"meta-nav\">&rarr;<\/span><\/a><\/p>\n","protected":false},"author":1,"featured_media":0,"comment_status":"open","ping_status":"open","sticky":false,"template":"","format":"standard","meta":{"footnotes":""},"categories":[40],"tags":[393],"_links":{"self":[{"href":"https:\/\/obscom.intervozes.org.br\/index.php?rest_route=\/wp\/v2\/posts\/20679"}],"collection":[{"href":"https:\/\/obscom.intervozes.org.br\/index.php?rest_route=\/wp\/v2\/posts"}],"about":[{"href":"https:\/\/obscom.intervozes.org.br\/index.php?rest_route=\/wp\/v2\/types\/post"}],"author":[{"embeddable":true,"href":"https:\/\/obscom.intervozes.org.br\/index.php?rest_route=\/wp\/v2\/users\/1"}],"replies":[{"embeddable":true,"href":"https:\/\/obscom.intervozes.org.br\/index.php?rest_route=%2Fwp%2Fv2%2Fcomments&post=20679"}],"version-history":[{"count":0,"href":"https:\/\/obscom.intervozes.org.br\/index.php?rest_route=\/wp\/v2\/posts\/20679\/revisions"}],"wp:attachment":[{"href":"https:\/\/obscom.intervozes.org.br\/index.php?rest_route=%2Fwp%2Fv2%2Fmedia&parent=20679"}],"wp:term":[{"taxonomy":"category","embeddable":true,"href":"https:\/\/obscom.intervozes.org.br\/index.php?rest_route=%2Fwp%2Fv2%2Fcategories&post=20679"},{"taxonomy":"post_tag","embeddable":true,"href":"https:\/\/obscom.intervozes.org.br\/index.php?rest_route=%2Fwp%2Fv2%2Ftags&post=20679"}],"curies":[{"name":"wp","href":"https:\/\/api.w.org\/{rel}","templated":true}]}}