{"id":20675,"date":"2008-03-13T14:17:46","date_gmt":"2008-03-13T14:17:46","guid":{"rendered":"https:\/\/obscom.intervozes.org.br\/wordpress\/?p=20675"},"modified":"2008-03-13T14:17:46","modified_gmt":"2008-03-13T14:17:46","slug":"abert-espera-veto-a-cessao-gratuita-de-transmissoes-esportivas-para-a-ebc","status":"publish","type":"post","link":"https:\/\/obscom.intervozes.org.br\/?p=20675","title":{"rendered":"Abert espera veto \u00e0 cess\u00e3o gratuita de transmiss\u00f5es esportivas para a EBC"},"content":{"rendered":"<p>A &uacute;nica ressalva feita pela Associa&ccedil;&atilde;o Brasileira das Emissoras de R&aacute;dio e Televis&atilde;o (Abert) &agrave; cria&ccedil;&atilde;o da Empresa Brasil de Comunica&ccedil;&atilde;o (EBC) &eacute; a necessidade de que o presidente da Rep&uacute;blica vete um artigo sobre transmiss&otilde;es esportivas, conforme prometido &agrave; entidade representativa do setor privado pelo l&iacute;der do governo no Senado, Romero Juc&aacute; (PMDB-RR). O Artigo 31 da Medida Provis&oacute;ria aprovada obriga emissoras comerciais a cederem gratuitamente &agrave; TV p&uacute;blica os direitos de transmiss&otilde;es esportivas em que houver participa&ccedil;&atilde;o de delega&ccedil;&atilde;o oficial brasileira. <\/p>\n<p>&ldquo;Isso n&atilde;o estava na proposta original, foi inclu&iacute;do na C&acirc;mara e entendemos que tem que ser melhor discutido. Por isso, esperamos o veto&rdquo;, afirmou o presidente da Abert, Daniel Slaviero, em entrevista &agrave; Ag&ecirc;ncia Brasil. <\/p>\n","protected":false},"excerpt":{"rendered":"<p>A &uacute;nica ressalva feita pela Associa&ccedil;&atilde;o Brasileira das Emissoras de R&aacute;dio e Televis&atilde;o (Abert) &agrave; cria&ccedil;&atilde;o da Empresa Brasil de Comunica&ccedil;&atilde;o (EBC) &eacute; a necessidade de que o presidente da Rep&uacute;blica vete um artigo sobre transmiss&otilde;es esportivas, conforme prometido &agrave; entidade representativa do setor privado pelo l&iacute;der do governo no Senado, Romero Juc&aacute; (PMDB-RR). O &hellip; <a href=\"https:\/\/obscom.intervozes.org.br\/?p=20675\" class=\"more-link\">Continue lendo <span class=\"screen-reader-text\">Abert espera veto \u00e0 cess\u00e3o gratuita de transmiss\u00f5es esportivas para a EBC<\/span> <span class=\"meta-nav\">&rarr;<\/span><\/a><\/p>\n","protected":false},"author":1,"featured_media":0,"comment_status":"open","ping_status":"open","sticky":false,"template":"","format":"standard","meta":{"footnotes":""},"categories":[39],"tags":[],"_links":{"self":[{"href":"https:\/\/obscom.intervozes.org.br\/index.php?rest_route=\/wp\/v2\/posts\/20675"}],"collection":[{"href":"https:\/\/obscom.intervozes.org.br\/index.php?rest_route=\/wp\/v2\/posts"}],"about":[{"href":"https:\/\/obscom.intervozes.org.br\/index.php?rest_route=\/wp\/v2\/types\/post"}],"author":[{"embeddable":true,"href":"https:\/\/obscom.intervozes.org.br\/index.php?rest_route=\/wp\/v2\/users\/1"}],"replies":[{"embeddable":true,"href":"https:\/\/obscom.intervozes.org.br\/index.php?rest_route=%2Fwp%2Fv2%2Fcomments&post=20675"}],"version-history":[{"count":0,"href":"https:\/\/obscom.intervozes.org.br\/index.php?rest_route=\/wp\/v2\/posts\/20675\/revisions"}],"wp:attachment":[{"href":"https:\/\/obscom.intervozes.org.br\/index.php?rest_route=%2Fwp%2Fv2%2Fmedia&parent=20675"}],"wp:term":[{"taxonomy":"category","embeddable":true,"href":"https:\/\/obscom.intervozes.org.br\/index.php?rest_route=%2Fwp%2Fv2%2Fcategories&post=20675"},{"taxonomy":"post_tag","embeddable":true,"href":"https:\/\/obscom.intervozes.org.br\/index.php?rest_route=%2Fwp%2Fv2%2Ftags&post=20675"}],"curies":[{"name":"wp","href":"https:\/\/api.w.org\/{rel}","templated":true}]}}