{"id":20673,"date":"2008-03-13T14:12:06","date_gmt":"2008-03-13T14:12:06","guid":{"rendered":"https:\/\/obscom.intervozes.org.br\/wordpress\/?p=20673"},"modified":"2008-03-13T14:12:06","modified_gmt":"2008-03-13T14:12:06","slug":"camara-deve-discutir-conselho-de-comunicacao-social-e-conselho-consultivo-da-anatel","status":"publish","type":"post","link":"https:\/\/obscom.intervozes.org.br\/?p=20673","title":{"rendered":"C\u00e2mara deve discutir Conselho de Comunica\u00e7\u00e3o Social e Conselho Consultivo da Anatel"},"content":{"rendered":"<p>A Comiss&atilde;o de Ci&ecirc;ncia, Tecnologia e Comunica&ccedil;&atilde;o da C&acirc;mara dos Deputados aprovou nesta quarta, 12, requerimento da deputada Luiza Erundina (PSB\/SP) para a realiza&ccedil;&atilde;o de debates sobre o desempenho do Conselho Consultivo da Anatel e do Conselho de Comunica&ccedil;&atilde;o Social do Congresso Nacional. Ambos os grupos, criados para permitir a participa&ccedil;&atilde;o da sociedade na discuss&atilde;o de temas associados &agrave; comunica&ccedil;&atilde;o e &agrave;s telecomunica&ccedil;&otilde;es, t&ecirc;m sofrido com a falta de qu&oacute;rum para delibera&ccedil;&otilde;es. <\/p>\n<p>Apesar de ter formalmente oito conselheiros nomeados, o Conselho Consultivo disp&otilde;e atualmente de apenas tr&ecirc;s membros empossados. J&aacute; o Conselho de Comunica&ccedil;&atilde;o Social passou 2007 inteiro sem que seus integrantes fossem nomeados pelo Congresso. <\/p>\n<p>As informa&ccedil;&otilde;es s&atilde;o da Tela Viva News.<\/p>\n","protected":false},"excerpt":{"rendered":"<p>A Comiss&atilde;o de Ci&ecirc;ncia, Tecnologia e Comunica&ccedil;&atilde;o da C&acirc;mara dos Deputados aprovou nesta quarta, 12, requerimento da deputada Luiza Erundina (PSB\/SP) para a realiza&ccedil;&atilde;o de debates sobre o desempenho do Conselho Consultivo da Anatel e do Conselho de Comunica&ccedil;&atilde;o Social do Congresso Nacional. Ambos os grupos, criados para permitir a participa&ccedil;&atilde;o da sociedade na discuss&atilde;o &hellip; <a href=\"https:\/\/obscom.intervozes.org.br\/?p=20673\" class=\"more-link\">Continue lendo <span class=\"screen-reader-text\">C\u00e2mara deve discutir Conselho de Comunica\u00e7\u00e3o Social e Conselho Consultivo da Anatel<\/span> <span class=\"meta-nav\">&rarr;<\/span><\/a><\/p>\n","protected":false},"author":1,"featured_media":0,"comment_status":"open","ping_status":"open","sticky":false,"template":"","format":"standard","meta":{"footnotes":""},"categories":[39],"tags":[],"_links":{"self":[{"href":"https:\/\/obscom.intervozes.org.br\/index.php?rest_route=\/wp\/v2\/posts\/20673"}],"collection":[{"href":"https:\/\/obscom.intervozes.org.br\/index.php?rest_route=\/wp\/v2\/posts"}],"about":[{"href":"https:\/\/obscom.intervozes.org.br\/index.php?rest_route=\/wp\/v2\/types\/post"}],"author":[{"embeddable":true,"href":"https:\/\/obscom.intervozes.org.br\/index.php?rest_route=\/wp\/v2\/users\/1"}],"replies":[{"embeddable":true,"href":"https:\/\/obscom.intervozes.org.br\/index.php?rest_route=%2Fwp%2Fv2%2Fcomments&post=20673"}],"version-history":[{"count":0,"href":"https:\/\/obscom.intervozes.org.br\/index.php?rest_route=\/wp\/v2\/posts\/20673\/revisions"}],"wp:attachment":[{"href":"https:\/\/obscom.intervozes.org.br\/index.php?rest_route=%2Fwp%2Fv2%2Fmedia&parent=20673"}],"wp:term":[{"taxonomy":"category","embeddable":true,"href":"https:\/\/obscom.intervozes.org.br\/index.php?rest_route=%2Fwp%2Fv2%2Fcategories&post=20673"},{"taxonomy":"post_tag","embeddable":true,"href":"https:\/\/obscom.intervozes.org.br\/index.php?rest_route=%2Fwp%2Fv2%2Ftags&post=20673"}],"curies":[{"name":"wp","href":"https:\/\/api.w.org\/{rel}","templated":true}]}}