{"id":20670,"date":"2008-03-13T12:08:19","date_gmt":"2008-03-13T12:08:19","guid":{"rendered":"https:\/\/obscom.intervozes.org.br\/wordpress\/?p=20670"},"modified":"2008-03-13T12:08:19","modified_gmt":"2008-03-13T12:08:19","slug":"broi-e-marco-legal-serao-objeto-de-subcomissao-da-camara-dos-deputados","status":"publish","type":"post","link":"https:\/\/obscom.intervozes.org.br\/?p=20670","title":{"rendered":"BrOi e marco legal ser\u00e3o objeto de subcomiss\u00e3o da C\u00e2mara dos Deputados"},"content":{"rendered":"<p>A primeira iniciativa para que a C&acirc;mara dos Deputados entre definitivamente na discuss&atilde;o sobre a cria&ccedil;&atilde;o de uma super tele nacional &ndash; a partir da uni&atilde;o da Oi com a Brasil Telecom &ndash; foi apresentada nesta quarta-feira, 12, na Comiss&atilde;o de Ci&ecirc;ncia e Tecnologia, Comunica&ccedil;&atilde;o e Inform&aacute;tica (CCTI). O ex-ministro das Comunica&ccedil;&otilde;es, deputado Miro Teixeira (PDT\/RJ), apresentou proposta para a cria&ccedil;&atilde;o de uma subcomiss&atilde;o especial para discutir fus&otilde;es, aquisi&ccedil;&otilde;es, associa&ccedil;&otilde;es e outras negocia&ccedil;&otilde;es acion&aacute;rias envolvendo as teles.<\/p>\n<p>O deputado Jorge Bittar (PT\/RJ) apoiou a id&eacute;ia de se ter uma subcomiss&atilde;o especial para discutir mais profundamente n&atilde;o s&oacute; a fus&atilde;o, mas as mudan&ccedil;as no setor em rela&ccedil;&atilde;o ao mercado e &agrave; legisla&ccedil;&atilde;o. Sua sugest&atilde;o &eacute; que o grupo trate das pol&iacute;ticas setoriais para telecomunica&ccedil;&otilde;es, o que abrangeria as fus&otilde;es sem deixar de debater outras quest&otilde;es legais importantes de forma permanente. A id&eacute;ia de Bittar foi aceita por Teixeira e teve como apoiadores o ex-presidente da CCTI, J&uacute;lio Semeghini (PSDB\/SP), e pelo deputado Paulo Bornhausen (DEM\/SC).<\/p>\n<p>A id&eacute;ia foi levada, ainda na tarde de hoje, ao conjunto de l&iacute;deres partid&aacute;rios da C&acirc;mara. At&eacute; o fechamento desta edi&ccedil;&atilde;o, ainda n&atilde;o havia sido divulgada a decis&atilde;o das lideran&ccedil;as. Como est&aacute; sendo votado o Or&ccedil;amento de 2008 nesta quarta-feira, os l&iacute;deres estiveram mais ocupados com a negocia&ccedil;&atilde;o dos acordos para permitir a aprova&ccedil;&atilde;o da proposta or&ccedil;ament&aacute;ria do que com a proposta da comiss&atilde;o.<\/p>\n<p><strong>Opera&ccedil;&otilde;es suspeitas<\/p>\n<p><\/strong>Para Miro Teixeira, a futura subcomiss&atilde;o poder&aacute; analisar se existem ind&iacute;cios de manipula&ccedil;&atilde;o e ganhos indevidos com a oscila&ccedil;&atilde;o das a&ccedil;&otilde;es das companhias Oi e Brasil Telecom por conta da divulga&ccedil;&atilde;o de mat&eacute;rias sobre a negocia&ccedil;&atilde;o entre as concession&aacute;rias. Teixeira esclareceu a este notici&aacute;rio que, caso fique constatada a exist&ecirc;ncia de manipula&ccedil;&atilde;o, a subcomiss&atilde;o poder&aacute; provocar a CVM a abrir uma investiga&ccedil;&atilde;o sobre o caso. &ldquo;Se ficar constatado que houve algum ganho indevido de algu&eacute;m, a subcomiss&atilde;o tem que oficiar a CVM, que deve atender ao pedido da C&acirc;mara e abrir uma investiga&ccedil;&atilde;o.&rdquo;<\/p>\n<p>Segundo o deputado, analisar essa quest&atilde;o &eacute; algo importante dentro do caso BrOi e pode, inclusive, reunir fatos que justifiquem a abertura de uma CPI. &ldquo;Considero muito grave que duas empresas anunciem e desmintam um neg&oacute;cio e que as a&ccedil;&otilde;es continuem sendo negociadas na Bolsa, sendo que a lei n&atilde;o permite isso&rdquo;, declarou o parlamentar na comiss&atilde;o.<\/p>\n<p><strong>Audi&ecirc;ncias aprovadas<\/p>\n<p><\/strong>Independentemente de qual ser&aacute; a decis&atilde;o dos l&iacute;deres, a comiss&atilde;o de comunica&ccedil;&atilde;o da C&acirc;mara j&aacute; se prepara para tocar os debates sobre a cria&ccedil;&atilde;o da BrOi. Os deputados aprovaram hoje quatro requerimentos, em bloco, propondo debates sobre a opera&ccedil;&atilde;o entre as concession&aacute;rias e as mudan&ccedil;as no Plano Geral de Outorgas (PGO) solicitadas pelo Minist&eacute;rio das Comunica&ccedil;&otilde;es &agrave; Anatel. A data da audi&ecirc;ncia p&uacute;blica sobre o tema ainda n&atilde;o foi agendada. Os requerimentos aprovados nesta manh&atilde; eram de autoria dos deputados Leandro Sampaio (PPS\/RJ), Arnaldo Jardim (PPS\/SP), Jorginho Maluly (DEM\/SP) e Jorge Bittar. <\/p>\n","protected":false},"excerpt":{"rendered":"<p>A primeira iniciativa para que a C&acirc;mara dos Deputados entre definitivamente na discuss&atilde;o sobre a cria&ccedil;&atilde;o de uma super tele nacional &ndash; a partir da uni&atilde;o da Oi com a Brasil Telecom &ndash; foi apresentada nesta quarta-feira, 12, na Comiss&atilde;o de Ci&ecirc;ncia e Tecnologia, Comunica&ccedil;&atilde;o e Inform&aacute;tica (CCTI). O ex-ministro das Comunica&ccedil;&otilde;es, deputado Miro Teixeira &hellip; <a href=\"https:\/\/obscom.intervozes.org.br\/?p=20670\" class=\"more-link\">Continue lendo <span class=\"screen-reader-text\">BrOi e marco legal ser\u00e3o objeto de subcomiss\u00e3o da C\u00e2mara dos Deputados<\/span> <span class=\"meta-nav\">&rarr;<\/span><\/a><\/p>\n","protected":false},"author":1,"featured_media":0,"comment_status":"open","ping_status":"open","sticky":false,"template":"","format":"standard","meta":{"footnotes":""},"categories":[40],"tags":[631],"_links":{"self":[{"href":"https:\/\/obscom.intervozes.org.br\/index.php?rest_route=\/wp\/v2\/posts\/20670"}],"collection":[{"href":"https:\/\/obscom.intervozes.org.br\/index.php?rest_route=\/wp\/v2\/posts"}],"about":[{"href":"https:\/\/obscom.intervozes.org.br\/index.php?rest_route=\/wp\/v2\/types\/post"}],"author":[{"embeddable":true,"href":"https:\/\/obscom.intervozes.org.br\/index.php?rest_route=\/wp\/v2\/users\/1"}],"replies":[{"embeddable":true,"href":"https:\/\/obscom.intervozes.org.br\/index.php?rest_route=%2Fwp%2Fv2%2Fcomments&post=20670"}],"version-history":[{"count":0,"href":"https:\/\/obscom.intervozes.org.br\/index.php?rest_route=\/wp\/v2\/posts\/20670\/revisions"}],"wp:attachment":[{"href":"https:\/\/obscom.intervozes.org.br\/index.php?rest_route=%2Fwp%2Fv2%2Fmedia&parent=20670"}],"wp:term":[{"taxonomy":"category","embeddable":true,"href":"https:\/\/obscom.intervozes.org.br\/index.php?rest_route=%2Fwp%2Fv2%2Fcategories&post=20670"},{"taxonomy":"post_tag","embeddable":true,"href":"https:\/\/obscom.intervozes.org.br\/index.php?rest_route=%2Fwp%2Fv2%2Ftags&post=20670"}],"curies":[{"name":"wp","href":"https:\/\/api.w.org\/{rel}","templated":true}]}}