{"id":20665,"date":"2008-03-12T20:56:11","date_gmt":"2008-03-12T20:56:11","guid":{"rendered":"https:\/\/obscom.intervozes.org.br\/wordpress\/?p=20665"},"modified":"2008-03-12T20:56:11","modified_gmt":"2008-03-12T20:56:11","slug":"apos-aprovacao-da-mp-entidades-querem-aperfeicoar-ebc","status":"publish","type":"post","link":"https:\/\/obscom.intervozes.org.br\/?p=20665","title":{"rendered":"Ap\u00f3s aprova\u00e7\u00e3o da MP, entidades querem aperfei\u00e7oar EBC"},"content":{"rendered":"<p><span>Encerrada a disputa no Congresso pela aprova&ccedil;&atilde;o da Medida Provis&oacute;ria 398, que cria a Empresa Brasil de Comunica&ccedil;&atilde;o, organiza&ccedil;&otilde;es do setor de comunica&ccedil;&atilde;o e da cultura ainda consideram necess&aacute;rio aperfei&ccedil;oar o projeto da TV Brasil. Representantes de entidades que estiveram ontem no Senado participando de ato em favor da cria&ccedil;&atilde;o da EBC citam entre as prioridades a consolida&ccedil;&atilde;o de mecanismos participativos de gest&atilde;o e o estabelecimento de garantias reais &agrave; presen&ccedil;a qualificada da produ&ccedil;&atilde;o independente na programa&ccedil;&atilde;o da nova TV p&uacute;blica.<\/p>\n<p><\/span><span>O fato da MP 398 ter sido colocada no centro das disputas entre governo e oposi&ccedil;&atilde;o no Congresso amea&ccedil;ava a sua aprova&ccedil;&atilde;o antes de expirar o prazo de validade da medida. Com isso, v&aacute;rias entidades que vinham apontando a necessidade de corre&ccedil;&atilde;o de rumos acabaram por se voltar para o trabalho de convencer os congressistas a apoiar aprova&ccedil;&atilde;o da MP. <\/p>\n<p><\/span><span>&Eacute; o caso do Congresso Brasileiro de Cinema, que at&eacute; semana passada pedia o aumento das percentagens das cotas para produ&ccedil;&atilde;o independente e regional na TV Brasil. Isso significaria mudar a MP no Senado e obrigaria a realiza&ccedil;&atilde;o de nova vota&ccedil;&atilde;o na C&acirc;mara. Os cineastas preferiram deixar a quest&atilde;o para o momento posterior &agrave; aprova&ccedil;&atilde;o da MP e, segundo o presidente do CBC, Paulo Rufino, n&atilde;o abrir&atilde;o m&atilde;o de &quot;sacramentar o que hoje est&aacute; colocado como vontade da dire&ccedil;&atilde;o da EBC&quot;.<\/p>\n<p><\/span><span>A MP institui que os ve&iacute;culos da EBC trabalhem com cotas de 5% para a produ&ccedil;&atilde;o independente e 10% de produ&ccedil;&atilde;o regional. Rufino diz que, seja por novo projeto de lei, seja por algum tipo de regulamenta&ccedil;&atilde;o, &eacute; preciso revisar estes n&uacute;meros e definir o que &eacute; de fato produ&ccedil;&atilde;o regional. &quot;Temos uma lei precariamente desenhada, mas vamos achar mecanismos para consert&aacute;-la&quot;, apontou o documentarista.<\/p>\n<p><\/span><span>O presidente da Associa&ccedil;&atilde;o Brasileira de Emissoras P&uacute;blicas, Educativas e Culturais (Abepec), Ant&ocirc;nio Achilis, acredita que parte dos problemas em rela&ccedil;&atilde;o &agrave; regionaliza&ccedil;&atilde;o pode ser solucionada na organiza&ccedil;&atilde;o da grade de programa&ccedil;&atilde;o e nas parcerias entre TV Brasil e as emissoras p&uacute;blicas nos estados. &quot;A TV ter&aacute; de operar com os estados para que as v&aacute;rias regi&otilde;es apare&ccedil;am na televis&atilde;o. N&atilde;o d&aacute; pra repetir na rede p&uacute;blica o modelo de cabe&ccedil;a-de-rede e afiliadas, este coronelismo que existe na TV comercial&quot;, comentou Achilis.<\/p>\n<p><\/span><strong><span>Sistema p&uacute;blico<\/p>\n<p><\/span><\/strong><span>Para Jonas Valente, do Intervozes, &eacute; fundamental que as entidades mobilizadas em torno da defesa da vota&ccedil;&atilde;o da MP se articulem para &quot;garantir as mudan&ccedil;as necess&aacute;rias para que a empresa tenha um car&aacute;ter efetivamente p&uacute;blico&quot;. A preocupa&ccedil;&atilde;o central da organiza&ccedil;&atilde;o &eacute; que a EBC seja transformada de fato no pontap&eacute; inicial para a constitui&ccedil;&atilde;o de um sistema p&uacute;blico de comunica&ccedil;&atilde;o, mais abrangente do que uma rede de TVs p&uacute;blicas. &quot;&Eacute; urgente o debate sobre a organiza&ccedil;&atilde;o de mecanismos m&uacute;ltiplos de participa&ccedil;&atilde;o para al&eacute;m do Conselho Curador e que tenham poder de assegurar a incid&ecirc;ncia da opini&atilde;o da popula&ccedil;&atilde;o na programa&ccedil;&atilde;o da EBC&quot;, disse.<\/p>\n<p><\/span><span>A preocupa&ccedil;&atilde;o central da organiza&ccedil;&atilde;o &eacute; que a EBC seja transformada de fato no pontap&eacute; inicial para a constitui&ccedil;&atilde;o de um sistema p&uacute;blico de comunica&ccedil;&atilde;o, mais abrangente do que uma rede de TVs p&uacute;blicas. <\/p>\n<p><\/span><span>Neste sentido, a Abepec avalia que a aprova&ccedil;&atilde;o da MP permite pelo menos alguns avan&ccedil;os. &quot;O que foi criado agora vale como base legal para as demais TVs consideradas p&uacute;blicas&quot;, comentou Achilis.<\/span><\/p>\n","protected":false},"excerpt":{"rendered":"<p>Conclu\u00edda a aprecia\u00e7\u00e3o do projeto que criou a Empresa Brasil de Comunica\u00e7\u00e3o, entidades atuam por mudan\u00e7as nas cotas de produ\u00e7\u00e3o independente e nas formas de di\u00e1logo com a sociedade.<\/p>\n","protected":false},"author":1,"featured_media":0,"comment_status":"open","ping_status":"open","sticky":false,"template":"","format":"standard","meta":{"footnotes":""},"categories":[40],"tags":[163],"_links":{"self":[{"href":"https:\/\/obscom.intervozes.org.br\/index.php?rest_route=\/wp\/v2\/posts\/20665"}],"collection":[{"href":"https:\/\/obscom.intervozes.org.br\/index.php?rest_route=\/wp\/v2\/posts"}],"about":[{"href":"https:\/\/obscom.intervozes.org.br\/index.php?rest_route=\/wp\/v2\/types\/post"}],"author":[{"embeddable":true,"href":"https:\/\/obscom.intervozes.org.br\/index.php?rest_route=\/wp\/v2\/users\/1"}],"replies":[{"embeddable":true,"href":"https:\/\/obscom.intervozes.org.br\/index.php?rest_route=%2Fwp%2Fv2%2Fcomments&post=20665"}],"version-history":[{"count":0,"href":"https:\/\/obscom.intervozes.org.br\/index.php?rest_route=\/wp\/v2\/posts\/20665\/revisions"}],"wp:attachment":[{"href":"https:\/\/obscom.intervozes.org.br\/index.php?rest_route=%2Fwp%2Fv2%2Fmedia&parent=20665"}],"wp:term":[{"taxonomy":"category","embeddable":true,"href":"https:\/\/obscom.intervozes.org.br\/index.php?rest_route=%2Fwp%2Fv2%2Fcategories&post=20665"},{"taxonomy":"post_tag","embeddable":true,"href":"https:\/\/obscom.intervozes.org.br\/index.php?rest_route=%2Fwp%2Fv2%2Ftags&post=20665"}],"curies":[{"name":"wp","href":"https:\/\/api.w.org\/{rel}","templated":true}]}}