{"id":20661,"date":"2008-03-12T15:33:58","date_gmt":"2008-03-12T15:33:58","guid":{"rendered":"https:\/\/obscom.intervozes.org.br\/wordpress\/?p=20661"},"modified":"2008-03-12T15:33:58","modified_gmt":"2008-03-12T15:33:58","slug":"conselho-superior-do-cinema-orienta-o-inicio-das-operacoes-do-fundo-do-audiovisual","status":"publish","type":"post","link":"https:\/\/obscom.intervozes.org.br\/?p=20661","title":{"rendered":"Conselho Superior do Cinema orienta o in\u00edcio das opera\u00e7\u00f5es do Fundo do Audiovisual"},"content":{"rendered":"<p>Os membros do Conselho Superior do Cinema (CSC) apontaram as principais diretrizes para os mecanismos de opera&ccedil;&atilde;o e modelos de financiamento do Fundo do Audiovisual, dia 4 de mar&ccedil;o, em Bras&iacute;lia, durante a primeira reuni&atilde;o realizada pela nova composi&ccedil;&atilde;o do Conselho. O encontro foi presidido pela ministra chefe da Casa Civil, Dilma Rousseff, e contou com a presen&ccedil;a de outros tr&ecirc;s ministros: Franklin Martins (Secretaria de Comunica&ccedil;&atilde;o da Presid&ecirc;ncia), Fernando Haddad (Educa&ccedil;&atilde;o) e Gilberto Gil (Cultura). Estavam presentes ainda representantes dos demais minist&eacute;rios que comp&otilde;em o Conselho e a totalidade da representa&ccedil;&atilde;o do setor e da sociedade civil.<\/p>\n<p>A ministra Dilma Rousseff abriu a reuni&atilde;o de instala&ccedil;&atilde;o do novo Conselho destacando o prest&iacute;gio obtido pela cinematografia nacional nos &uacute;ltimos anos, apontando como exemplo o pr&ecirc;mio m&aacute;ximo recebido pelo filme Tropa de Elite no &uacute;ltimo Festival de Berlim. Para a ministra, o audiovisual brasileiro entra agora em uma nova fase, em um momento em que se aceleram as condi&ccedil;&otilde;es e exig&ecirc;ncias postas pelo cen&aacute;rio de converg&ecirc;ncia digital, trazendo novos desafios para os membros do CSC, &oacute;rg&atilde;o m&aacute;ximo de formula&ccedil;&atilde;o das pol&iacute;ticas p&uacute;blicas do cinema no pa&iacute;s.<\/p>\n<p>O ministro Gil tamb&eacute;m pontuou a relev&acirc;ncia da instala&ccedil;&atilde;o do novo Conselho para o setor audiovisual brasileiro e qualificou de maneira positiva o que chamou de &ldquo;tend&ecirc;ncia de converg&ecirc;ncia de interesses nos &uacute;ltimos anos nas dimens&otilde;es pol&iacute;ticas, culturais e econ&ocirc;micas do cinema&rdquo;.&nbsp; Nas palavras do ministro, &eacute; auspiciosa para o Brasil a retomada de um processo de converg&ecirc;ncia, onde criadores, produtores e detentores de interesses variados da cadeia audiovisual brasileira estejam reunidos novamente. &ldquo;Gostaria de dizer da satisfa&ccedil;&atilde;o que me d&aacute; ao ver o audiovisual brasileiro finalmente jogando como um time onde as particularidades, as atribui&ccedil;&otilde;es e as fun&ccedil;&otilde;es s&atilde;o distinguidas, mas o time joga pra frente, pra fazer o gol pelo audiovisual brasileiro&rdquo;, acrescentou.<\/p>\n<p>Durante a reuni&atilde;o, os membros do Conselho entregaram, ao ministro da Cultura, as listas tr&iacute;plices com os indicados para compor o Comit&ecirc; Gestor do Fundo do Audiovisual. Entre os seis nomes que comp&otilde;em as listas propostas pelo CSC, o ministro Gilberto Gil deve indicar os dois titulares e seus suplentes para compor o Comit&ecirc; Gestor do Fundo do Audiovisual, conforme o regulamento. Segundo o ministro Gil, a expectativa &eacute; que os indicados possam contribuir com sugest&otilde;es e id&eacute;ias para o aperfei&ccedil;oamento dos mecanismos de opera&ccedil;&atilde;o do Fundo do Audiovisual, que o ministro considerou uma vit&oacute;ria da atual gest&atilde;o da cultura, como da pr&oacute;pria classe cinematogr&aacute;fica.<\/p>\n<p>Tamb&eacute;m presente no encontro, o secret&aacute;rio executivo do Minist&eacute;rio da Cultura, Juca Ferreira, ressaltou a import&acirc;ncia do Fundo do Audiovisual na composi&ccedil;&atilde;o de novos paradigmas de a&ccedil;&otilde;es p&uacute;blicas dirigidas ao audiovisual brasileiro, especialmente no planejamento envolvido na elabora&ccedil;&atilde;o dos programas. &ldquo;O Fundo &eacute; um componente estrat&eacute;gico na pol&iacute;tica audiovisual brasileira e o conselho &eacute; o f&oacute;rum apropriado para a proposta, avalia&ccedil;&atilde;o e indica&ccedil;&atilde;o dos caminhos a serem trilhados pelo conjunto das pol&iacute;ticas voltadas para o setor&rdquo;, avaliou Juca.<\/p>\n<p>Fundo do Audiovisual &#8211; Antecedendo ao debate sobre o Fundo do Audiovisual, o diretor-presidente da ANCINE, Manoel Rangel, fez uma exposi&ccedil;&atilde;o sobre o tema, abordando seus principais objetivos. Segundo Rangel, as a&ccedil;&otilde;es a serem apoiadas pelo Fundo do Audiovisual devem ser desenvolvidas como instrumentos para impulsionar o mercado, promovendo parcerias que criem sinergias entre os agentes p&uacute;blicos e privados que integram a atividade audiovisual brasileira. <\/p>\n<p>&ldquo;Seu objetivo maior &eacute; promover um ambiente sustent&aacute;vel para o desenvolvimento do audiovisual brasileiro no cen&aacute;rio da converg&ecirc;ncia digital, apoiando o investimento privado e tendo como foco a promo&ccedil;&atilde;o da competitividade dos agentes econ&ocirc;micos e o est&iacute;mulo &agrave; veicula&ccedil;&atilde;o do conte&uacute;do nacional em todos os segmentos do mercado&rdquo;, explicou Rangel.<\/p>\n<p>O Fundo do Audiovisual (FSA) foi criado pela Lei N&ordm; 11.437 de 28 de dezembro de 2006 como uma categoria de programa&ccedil;&atilde;o espec&iacute;fica do Fundo Nacional de Cultura (FNC). Assim como os demais Fundos setoriais existentes, foi criado na perspectiva de serem fontes complementares de recursos para financiar o desenvolvimento do setor, considerado estrat&eacute;gico para o pa&iacute;s. <\/p>\n<p>A gest&atilde;o do Fundo ficar&aacute; a cargo de um Comit&ecirc; Gestor, composto por dois representantes do Minist&eacute;rio da Cultura, um da ANCINE, um dos agentes financeiros credenciados e por dois membros do mercado audiovisual, indicados pelo Conselho Superior de Cinema (CSC) a partir de lista tr&iacute;plice nominal. <\/p>\n<p>Cabe ao Ministro da Cultura designar os membros do Comit&ecirc; Gestor. Este &uacute;ltimo estabelecer&aacute; as diretrizes e metas a serem cumpridas pelo Fundo, al&eacute;m de definir seu Plano Anual de Investimentos. O FSA contar&aacute; ainda com uma Secretaria Executiva, exercida pela ANCINE, que dar&aacute; apoio t&eacute;cnico, administrativo e operacional.<\/p>\n<p><strong>Opera&ccedil;&atilde;o e funcionamento<\/strong> <\/p>\n<p>Os recursos do Fundo do Audiovisual, totalizando R$37.963.007 milh&otilde;es j&aacute; dispon&iacute;veis e R$ 56.160.628,00 previstos no PLOA 2008, ser&atilde;o aplicados em programas e projetos dirigidos &agrave; solu&ccedil;&atilde;o de pontos considerados fundamentais para o desenvolvimento do mercado audiovisual no pa&iacute;s. Assim, o Fundo pretende marcar um ponto de inflex&atilde;o para o setor, ao estabelecer novas modalidades de investimentos, voltados &agrave; produ&ccedil;&atilde;o de obras cinematogr&aacute;ficas, programas de televis&atilde;o, lan&ccedil;amento e distribui&ccedil;&atilde;o de filmes, constru&ccedil;&atilde;o de salas de cinema e projetos de infra-estrutura, estimulando todos os elos da cadeia produtiva, agindo para conferir equil&iacute;brio aos segmentos mais fr&aacute;geis. <\/p>\n<p>Em fase de regulamenta&ccedil;&atilde;o dos seus mecanismos de opera&ccedil;&otilde;es, o Fundo representa a constru&ccedil;&atilde;o de novas bases para o desenvolvimento do audiovisual no Brasil em dois eixos centrais: o do fomento e o da regula&ccedil;&atilde;o. Seu prop&oacute;sito &eacute; financiar programas e projetos da atividade audiovisual utilizando recursos de contribui&ccedil;&otilde;es j&aacute; recolhidas atualmente pelos agentes do mercado. Nenhuma taxa nova foi criada. <\/p>\n<p>Os programas criados a partir do Fundo do Audiovisual ser&atilde;o operacionalizados principalmente por meio de investimentos retorn&aacute;veis e empr&eacute;stimos, dentre outras modalidades. Um dos objetivos &eacute; lan&ccedil;ar m&atilde;o de instrumentos visando o desenvolvimento e o fomento regulat&oacute;rio dos segmentos que n&atilde;o est&atilde;o sendo supridos pelo atual sistema de financiamento, baseado principalmente na ren&uacute;ncia fiscal. Outro objetivo importante &eacute; dinamizar os projetos atendidos pelos atuais mecanismos de fomento, tornando-os mais eficientes e conferindo maior agilidade a sua realiza&ccedil;&atilde;o.&nbsp; <\/p>\n<p>&nbsp;<\/p>\n","protected":false},"excerpt":{"rendered":"<p>Os membros do Conselho Superior do Cinema (CSC) apontaram as principais diretrizes para os mecanismos de opera&ccedil;&atilde;o e modelos de financiamento do Fundo do Audiovisual, dia 4 de mar&ccedil;o, em Bras&iacute;lia, durante a primeira reuni&atilde;o realizada pela nova composi&ccedil;&atilde;o do Conselho. O encontro foi presidido pela ministra chefe da Casa Civil, Dilma Rousseff, e contou &hellip; <a href=\"https:\/\/obscom.intervozes.org.br\/?p=20661\" class=\"more-link\">Continue lendo <span class=\"screen-reader-text\">Conselho Superior do Cinema orienta o in\u00edcio das opera\u00e7\u00f5es do Fundo do Audiovisual<\/span> <span class=\"meta-nav\">&rarr;<\/span><\/a><\/p>\n","protected":false},"author":1,"featured_media":0,"comment_status":"open","ping_status":"open","sticky":false,"template":"","format":"standard","meta":{"footnotes":""},"categories":[40],"tags":[414],"_links":{"self":[{"href":"https:\/\/obscom.intervozes.org.br\/index.php?rest_route=\/wp\/v2\/posts\/20661"}],"collection":[{"href":"https:\/\/obscom.intervozes.org.br\/index.php?rest_route=\/wp\/v2\/posts"}],"about":[{"href":"https:\/\/obscom.intervozes.org.br\/index.php?rest_route=\/wp\/v2\/types\/post"}],"author":[{"embeddable":true,"href":"https:\/\/obscom.intervozes.org.br\/index.php?rest_route=\/wp\/v2\/users\/1"}],"replies":[{"embeddable":true,"href":"https:\/\/obscom.intervozes.org.br\/index.php?rest_route=%2Fwp%2Fv2%2Fcomments&post=20661"}],"version-history":[{"count":0,"href":"https:\/\/obscom.intervozes.org.br\/index.php?rest_route=\/wp\/v2\/posts\/20661\/revisions"}],"wp:attachment":[{"href":"https:\/\/obscom.intervozes.org.br\/index.php?rest_route=%2Fwp%2Fv2%2Fmedia&parent=20661"}],"wp:term":[{"taxonomy":"category","embeddable":true,"href":"https:\/\/obscom.intervozes.org.br\/index.php?rest_route=%2Fwp%2Fv2%2Fcategories&post=20661"},{"taxonomy":"post_tag","embeddable":true,"href":"https:\/\/obscom.intervozes.org.br\/index.php?rest_route=%2Fwp%2Fv2%2Ftags&post=20661"}],"curies":[{"name":"wp","href":"https:\/\/api.w.org\/{rel}","templated":true}]}}