{"id":20658,"date":"2008-03-12T13:31:25","date_gmt":"2008-03-12T13:31:25","guid":{"rendered":"https:\/\/obscom.intervozes.org.br\/wordpress\/?p=20658"},"modified":"2008-03-12T13:31:25","modified_gmt":"2008-03-12T13:31:25","slug":"ambev-faz-acordo-com-ministerio-publico-apos-publicidade-ofensiva-as-mulheres","status":"publish","type":"post","link":"https:\/\/obscom.intervozes.org.br\/?p=20658","title":{"rendered":"Ambev faz acordo com Minist\u00e9rio P\u00fablico ap\u00f3s publicidade ofensiva \u00e0s mulheres"},"content":{"rendered":"<p><strong><u>Da Folha de S. Paulo<\/u><br \/><\/strong><br \/>Processada por causa de um comercial da cerveja Caracu, a AmBev fez um acordo com o Minist&eacute;rio P&uacute;blico de SP. A cervejaria se comprometeu a financiar uma campanha de preven&ccedil;&atilde;o &agrave; dengue, em parceria com o Minist&eacute;rio da Sa&uacute;de. O comercial havia sido considerado ofensivo &agrave;s mulheres, por apresentar o slogan &quot;Caracu &eacute; igual mulher: gostosa pura ou turbinada&quot;. Nas pr&oacute;ximas semanas, o MP deve discutir com a AmBev por causa de um an&uacute;ncio semelhante: o filme &quot;Musa do Ver&atilde;o&quot; (2006), da Skol, que mostrava uma mulher de biqu&iacute;ni entregue em domic&iacute;lio para os homens.<\/p>\n","protected":false},"excerpt":{"rendered":"<p>Da Folha de S. PauloProcessada por causa de um comercial da cerveja Caracu, a AmBev fez um acordo com o Minist&eacute;rio P&uacute;blico de SP. A cervejaria se comprometeu a financiar uma campanha de preven&ccedil;&atilde;o &agrave; dengue, em parceria com o Minist&eacute;rio da Sa&uacute;de. O comercial havia sido considerado ofensivo &agrave;s mulheres, por apresentar o slogan &hellip; <a href=\"https:\/\/obscom.intervozes.org.br\/?p=20658\" class=\"more-link\">Continue lendo <span class=\"screen-reader-text\">Ambev faz acordo com Minist\u00e9rio P\u00fablico ap\u00f3s publicidade ofensiva \u00e0s mulheres<\/span> <span class=\"meta-nav\">&rarr;<\/span><\/a><\/p>\n","protected":false},"author":1,"featured_media":0,"comment_status":"open","ping_status":"open","sticky":false,"template":"","format":"standard","meta":{"footnotes":""},"categories":[39],"tags":[],"_links":{"self":[{"href":"https:\/\/obscom.intervozes.org.br\/index.php?rest_route=\/wp\/v2\/posts\/20658"}],"collection":[{"href":"https:\/\/obscom.intervozes.org.br\/index.php?rest_route=\/wp\/v2\/posts"}],"about":[{"href":"https:\/\/obscom.intervozes.org.br\/index.php?rest_route=\/wp\/v2\/types\/post"}],"author":[{"embeddable":true,"href":"https:\/\/obscom.intervozes.org.br\/index.php?rest_route=\/wp\/v2\/users\/1"}],"replies":[{"embeddable":true,"href":"https:\/\/obscom.intervozes.org.br\/index.php?rest_route=%2Fwp%2Fv2%2Fcomments&post=20658"}],"version-history":[{"count":0,"href":"https:\/\/obscom.intervozes.org.br\/index.php?rest_route=\/wp\/v2\/posts\/20658\/revisions"}],"wp:attachment":[{"href":"https:\/\/obscom.intervozes.org.br\/index.php?rest_route=%2Fwp%2Fv2%2Fmedia&parent=20658"}],"wp:term":[{"taxonomy":"category","embeddable":true,"href":"https:\/\/obscom.intervozes.org.br\/index.php?rest_route=%2Fwp%2Fv2%2Fcategories&post=20658"},{"taxonomy":"post_tag","embeddable":true,"href":"https:\/\/obscom.intervozes.org.br\/index.php?rest_route=%2Fwp%2Fv2%2Ftags&post=20658"}],"curies":[{"name":"wp","href":"https:\/\/api.w.org\/{rel}","templated":true}]}}