{"id":20656,"date":"2008-03-12T11:30:46","date_gmt":"2008-03-12T11:30:46","guid":{"rendered":"https:\/\/obscom.intervozes.org.br\/wordpress\/?p=20656"},"modified":"2008-03-12T11:30:46","modified_gmt":"2008-03-12T11:30:46","slug":"processo-de-selecao-para-curso-organizado-pela-obore-ocorre-neste-sabado","status":"publish","type":"post","link":"https:\/\/obscom.intervozes.org.br\/?p=20656","title":{"rendered":"Processo de sele\u00e7\u00e3o para curso organizado pela Obor\u00e9 ocorre neste s\u00e1bado"},"content":{"rendered":"<p>Quando iniciamos o Projeto Rep&oacute;rter do Futuro, h&aacute; cerca de 15 anos, n&atilde;o t&iacute;nhamos tamanha oferta de cursos de jornalismo. E a forma&ccedil;&atilde;o era, sem d&uacute;vida, melhor. Eram menos escolas, menos alunos e o contexto da comunica&ccedil;&atilde;o, outro. Para mostrar como faz tempo, escrev&iacute;amos as mat&eacute;rias em velhas m&aacute;quinas Olivetti, afundando o dedo no teclado. Nada desse fusu&ecirc; digital, com suas in&uacute;meras possibilidades &ndash; para o bem e para o mal. <\/p>\n<p>De l&aacute; para c&aacute;, muita coisa mudou. Uma, no entanto, permanece igual: a exist&ecirc;ncia, ano ap&oacute;s ano, de estudantes s&eacute;rios e dispostos a serem bons jornalistas. Foi para eles que, naquela &eacute;poca, criamos, e nesse anos todos mantivemos &ndash; muitas vezes sem nenhum apoio &#8211; o Rep&oacute;rter do Futuro, um projeto pensado e feito para jovens que realmente querem ter um futuro na profiss&atilde;o. <\/p>\n<p>A metodologia &eacute; a mesma do princ&iacute;pio da hist&oacute;ria: trabalhar aos s&aacute;bados e nas f&eacute;rias. Aos s&aacute;bados, realizamos palestras\/entrevistas coletivas, que colocam os estudantes em contato com gente do primeiro time da vida brasileira. Nas f&eacute;rias, organizamos viagens para que esses futuros profissionais possam conhecer a realidade complexa, contradit&oacute;ria e indignante do Brasil. <\/p>\n<p>Esse jeito de fazer, que permite aos estudantes &quot;brincar&quot; de jornalista &ndash; coisa que &agrave; &eacute;poca as escolas n&atilde;o faziam e que, mesmo com todo o discurso de &quot;prepara&ccedil;&atilde;o para o mercado&quot; dos &uacute;ltimos anos, continuam a n&atilde;o fazer &ndash; marcou a vida de muita gente boa. E &eacute; assim, exatamente desse mesmo jeito, que realizamos os m&oacute;dulos do curso, com resultados extremamente satisfat&oacute;rios. <\/p>\n<p>Em quinze anos, atingimos um p&uacute;blico que supera a casa do milhar. N&atilde;o &eacute; pouca coisa, considerando que muitos desses estudantes hoje s&atilde;o profissionais bem posicionados. Alguns deles inclusive estar&atilde;o conosco neste s&aacute;bado, no Sindicato dos Jornalistas de S&atilde;o Paulo, quando faremos mais uma sele&ccedil;&atilde;o\/confraterniza&ccedil;&atilde;o de 20 estudantes para participarem do m&oacute;dulo deste semestre.<\/p>\n<p>Em ano eleitoral, vamos discutir a cidade com os estudantes, no m&oacute;dulo Descobrir S&atilde;o Paulo, Descobrir-se Rep&oacute;rter. Para o segundo semestre, estamos preparando v&aacute;rias atividades, entre elas a repeti&ccedil;&atilde;o do curso que realizamos em parceria com as For&ccedil;as Armadas, no semestre passado, e que levou um grupo de 13 estudantes e 7 professores de jornalismo &agrave; Amaz&ocirc;nia.<\/p>\n<p>O curso, atualmente, &eacute; promovido pela ABI\/SP &ndash; Associa&ccedil;&atilde;o Brasileira de Imprensa\/Representa&ccedil;&atilde;o S&atilde;o Paulo, ABRAJI &ndash; Associa&ccedil;&atilde;o Brasileira de Jornalismo Investigativo, C&aacute;tedra UNESCO de Comunica&ccedil;&atilde;o, CNU &ndash; Canal Universit&aacute;rio de S&atilde;o Paulo, OBOR&Eacute; Projetos Especiais em Comunica&ccedil;&atilde;o e Artes, SINPRO\/SP &ndash; Sindicato dos Professores de S&atilde;o Paulo, TV Mackenzie, TV USP, WeDo Comunica&ccedil;&atilde;o e conta com v&aacute;rios apoios.<\/p>\n","protected":false},"excerpt":{"rendered":"<p>Quando iniciamos o Projeto Rep&oacute;rter do Futuro, h&aacute; cerca de 15 anos, n&atilde;o t&iacute;nhamos tamanha oferta de cursos de jornalismo. E a forma&ccedil;&atilde;o era, sem d&uacute;vida, melhor. Eram menos escolas, menos alunos e o contexto da comunica&ccedil;&atilde;o, outro. Para mostrar como faz tempo, escrev&iacute;amos as mat&eacute;rias em velhas m&aacute;quinas Olivetti, afundando o dedo no teclado. &hellip; <a href=\"https:\/\/obscom.intervozes.org.br\/?p=20656\" class=\"more-link\">Continue lendo <span class=\"screen-reader-text\">Processo de sele\u00e7\u00e3o para curso organizado pela Obor\u00e9 ocorre neste s\u00e1bado<\/span> <span class=\"meta-nav\">&rarr;<\/span><\/a><\/p>\n","protected":false},"author":1,"featured_media":0,"comment_status":"open","ping_status":"open","sticky":false,"template":"","format":"standard","meta":{"footnotes":""},"categories":[40],"tags":[671],"_links":{"self":[{"href":"https:\/\/obscom.intervozes.org.br\/index.php?rest_route=\/wp\/v2\/posts\/20656"}],"collection":[{"href":"https:\/\/obscom.intervozes.org.br\/index.php?rest_route=\/wp\/v2\/posts"}],"about":[{"href":"https:\/\/obscom.intervozes.org.br\/index.php?rest_route=\/wp\/v2\/types\/post"}],"author":[{"embeddable":true,"href":"https:\/\/obscom.intervozes.org.br\/index.php?rest_route=\/wp\/v2\/users\/1"}],"replies":[{"embeddable":true,"href":"https:\/\/obscom.intervozes.org.br\/index.php?rest_route=%2Fwp%2Fv2%2Fcomments&post=20656"}],"version-history":[{"count":0,"href":"https:\/\/obscom.intervozes.org.br\/index.php?rest_route=\/wp\/v2\/posts\/20656\/revisions"}],"wp:attachment":[{"href":"https:\/\/obscom.intervozes.org.br\/index.php?rest_route=%2Fwp%2Fv2%2Fmedia&parent=20656"}],"wp:term":[{"taxonomy":"category","embeddable":true,"href":"https:\/\/obscom.intervozes.org.br\/index.php?rest_route=%2Fwp%2Fv2%2Fcategories&post=20656"},{"taxonomy":"post_tag","embeddable":true,"href":"https:\/\/obscom.intervozes.org.br\/index.php?rest_route=%2Fwp%2Fv2%2Ftags&post=20656"}],"curies":[{"name":"wp","href":"https:\/\/api.w.org\/{rel}","templated":true}]}}