{"id":20655,"date":"2008-03-12T11:29:25","date_gmt":"2008-03-12T11:29:25","guid":{"rendered":"https:\/\/obscom.intervozes.org.br\/wordpress\/?p=20655"},"modified":"2008-03-12T11:29:25","modified_gmt":"2008-03-12T11:29:25","slug":"reporter-do-futuro-da-obore-recebe-inscricoes-ate-sexta-feira-dia-14","status":"publish","type":"post","link":"https:\/\/obscom.intervozes.org.br\/?p=20655","title":{"rendered":"Rep\u00f3rter do Futuro, da Obor\u00e9, recebe inscri\u00e7\u00f5es at\u00e9 sexta-feira, dia 14"},"content":{"rendered":"<p><span>A edi&ccedil;&atilde;o 2008 do Projeto Rep&oacute;rter do Futuro, organizado pela Obor&eacute;, recebe inscri&ccedil;&otilde;es de estudantes de jornalismo at&eacute; sexta-feira (14\/03). A iniciativa funciona como um complemento na forma&ccedil;&atilde;o de futuros profissionais por meio de entrevistas e produ&ccedil;&atilde;o jornal&iacute;stica. A participa&ccedil;&atilde;o no Projeto &eacute; gratuita.<\/p>\n<p><\/span><span>O primeiro encontro ser&aacute; realizado no s&aacute;bado (15\/03), das 9h &agrave;s 12h, no Espa&ccedil;o Vladimir Herzog do Sindicato dos Jornalistas Profissionais de S&atilde;o Paulo &ndash; Rua Rego Freitas, 530, sobreloja. A partir de uma avalia&ccedil;&atilde;o, ser&atilde;o selecionados os 20 participantes do Projeto.<\/span><span>&nbsp;<\/span><span>A ficha de inscri&ccedil;&atilde;o est&aacute; dispon&iacute;vel no <a href=\"http:\/\/www.obore.com\/\">site da Obor&eacute;<\/a>, bem como mais informa&ccedil;&otilde;es sobre o Projeto.<\/span><\/p>\n","protected":false},"excerpt":{"rendered":"<p>A edi&ccedil;&atilde;o 2008 do Projeto Rep&oacute;rter do Futuro, organizado pela Obor&eacute;, recebe inscri&ccedil;&otilde;es de estudantes de jornalismo at&eacute; sexta-feira (14\/03). A iniciativa funciona como um complemento na forma&ccedil;&atilde;o de futuros profissionais por meio de entrevistas e produ&ccedil;&atilde;o jornal&iacute;stica. A participa&ccedil;&atilde;o no Projeto &eacute; gratuita. O primeiro encontro ser&aacute; realizado no s&aacute;bado (15\/03), das 9h &agrave;s &hellip; <a href=\"https:\/\/obscom.intervozes.org.br\/?p=20655\" class=\"more-link\">Continue lendo <span class=\"screen-reader-text\">Rep\u00f3rter do Futuro, da Obor\u00e9, recebe inscri\u00e7\u00f5es at\u00e9 sexta-feira, dia 14<\/span> <span class=\"meta-nav\">&rarr;<\/span><\/a><\/p>\n","protected":false},"author":1,"featured_media":0,"comment_status":"open","ping_status":"open","sticky":false,"template":"","format":"standard","meta":{"footnotes":""},"categories":[39],"tags":[],"_links":{"self":[{"href":"https:\/\/obscom.intervozes.org.br\/index.php?rest_route=\/wp\/v2\/posts\/20655"}],"collection":[{"href":"https:\/\/obscom.intervozes.org.br\/index.php?rest_route=\/wp\/v2\/posts"}],"about":[{"href":"https:\/\/obscom.intervozes.org.br\/index.php?rest_route=\/wp\/v2\/types\/post"}],"author":[{"embeddable":true,"href":"https:\/\/obscom.intervozes.org.br\/index.php?rest_route=\/wp\/v2\/users\/1"}],"replies":[{"embeddable":true,"href":"https:\/\/obscom.intervozes.org.br\/index.php?rest_route=%2Fwp%2Fv2%2Fcomments&post=20655"}],"version-history":[{"count":0,"href":"https:\/\/obscom.intervozes.org.br\/index.php?rest_route=\/wp\/v2\/posts\/20655\/revisions"}],"wp:attachment":[{"href":"https:\/\/obscom.intervozes.org.br\/index.php?rest_route=%2Fwp%2Fv2%2Fmedia&parent=20655"}],"wp:term":[{"taxonomy":"category","embeddable":true,"href":"https:\/\/obscom.intervozes.org.br\/index.php?rest_route=%2Fwp%2Fv2%2Fcategories&post=20655"},{"taxonomy":"post_tag","embeddable":true,"href":"https:\/\/obscom.intervozes.org.br\/index.php?rest_route=%2Fwp%2Fv2%2Ftags&post=20655"}],"curies":[{"name":"wp","href":"https:\/\/api.w.org\/{rel}","templated":true}]}}