{"id":20654,"date":"2008-03-12T11:16:35","date_gmt":"2008-03-12T11:16:35","guid":{"rendered":"https:\/\/obscom.intervozes.org.br\/wordpress\/?p=20654"},"modified":"2008-03-12T11:16:35","modified_gmt":"2008-03-12T11:16:35","slug":"governo-e-industria-fazem-primeiro-balanco-da-implantacao-da-tv-digital","status":"publish","type":"post","link":"https:\/\/obscom.intervozes.org.br\/?p=20654","title":{"rendered":"Governo e ind\u00fastria fazem primeiro balan\u00e7o da implanta\u00e7\u00e3o da TV digital"},"content":{"rendered":"<p>O Comit&ecirc; de Desenvolvimento da TV Digital se reunir&aacute; nesta quarta, 12, com o F&oacute;rum Brasileiro de TV Digital. O comit&ecirc; &eacute; o &oacute;rg&atilde;o m&aacute;ximo do governo que trata do tema, e o f&oacute;rum &eacute; o &oacute;rg&atilde;o da ind&uacute;stria respons&aacute;vel pelo desenvolvimento e implanta&ccedil;&atilde;o da TV digital no Brasil. Ser&aacute; o primeiro balan&ccedil;o formal da implanta&ccedil;&atilde;o da digitaliza&ccedil;&atilde;o das redes abertas desde o in&iacute;cio das transmiss&otilde;es, em dezembro, em S&atilde;o Paulo. Do Comit&ecirc; de Desenvolvimento participam a ministra Dilma Rousseff (Casa Civil), H&eacute;lio Costa (Comunica&ccedil;&otilde;es), Guido Mantega (Fazenda) e ainda os ministros da Cultura, Ci&ecirc;ncia e Tecnologia, Desenvolvimento, Planejamento, Educa&ccedil;&atilde;o, Rela&ccedil;&otilde;es Exteriores e da Secretaria de Comunica&ccedil;&atilde;o da Presid&ecirc;ncia.<\/p>\n<p>Duas coisas s&atilde;o esperadas da reuni&atilde;o: o governo deve cobrar as raz&otilde;es pelas quais a implanta&ccedil;&atilde;o da TV digital est&aacute; mais lenta do que o esperado, ainda n&atilde;o superando a marca de 100 mil usu&aacute;rios. J&aacute; as empresas cobrar&atilde;o do governo as promessas de redu&ccedil;&atilde;o da carga tribut&aacute;ria e a facilita&ccedil;&atilde;o dos mecanismos de financiamento do BNDES. <\/p>\n<p>As informa&ccedil;&otilde;es s&atilde;o da Tela Viva News.<\/p>\n","protected":false},"excerpt":{"rendered":"<p>O Comit&ecirc; de Desenvolvimento da TV Digital se reunir&aacute; nesta quarta, 12, com o F&oacute;rum Brasileiro de TV Digital. O comit&ecirc; &eacute; o &oacute;rg&atilde;o m&aacute;ximo do governo que trata do tema, e o f&oacute;rum &eacute; o &oacute;rg&atilde;o da ind&uacute;stria respons&aacute;vel pelo desenvolvimento e implanta&ccedil;&atilde;o da TV digital no Brasil. Ser&aacute; o primeiro balan&ccedil;o formal da &hellip; <a href=\"https:\/\/obscom.intervozes.org.br\/?p=20654\" class=\"more-link\">Continue lendo <span class=\"screen-reader-text\">Governo e ind\u00fastria fazem primeiro balan\u00e7o da implanta\u00e7\u00e3o da TV digital<\/span> <span class=\"meta-nav\">&rarr;<\/span><\/a><\/p>\n","protected":false},"author":1,"featured_media":0,"comment_status":"open","ping_status":"open","sticky":false,"template":"","format":"standard","meta":{"footnotes":""},"categories":[39],"tags":[],"_links":{"self":[{"href":"https:\/\/obscom.intervozes.org.br\/index.php?rest_route=\/wp\/v2\/posts\/20654"}],"collection":[{"href":"https:\/\/obscom.intervozes.org.br\/index.php?rest_route=\/wp\/v2\/posts"}],"about":[{"href":"https:\/\/obscom.intervozes.org.br\/index.php?rest_route=\/wp\/v2\/types\/post"}],"author":[{"embeddable":true,"href":"https:\/\/obscom.intervozes.org.br\/index.php?rest_route=\/wp\/v2\/users\/1"}],"replies":[{"embeddable":true,"href":"https:\/\/obscom.intervozes.org.br\/index.php?rest_route=%2Fwp%2Fv2%2Fcomments&post=20654"}],"version-history":[{"count":0,"href":"https:\/\/obscom.intervozes.org.br\/index.php?rest_route=\/wp\/v2\/posts\/20654\/revisions"}],"wp:attachment":[{"href":"https:\/\/obscom.intervozes.org.br\/index.php?rest_route=%2Fwp%2Fv2%2Fmedia&parent=20654"}],"wp:term":[{"taxonomy":"category","embeddable":true,"href":"https:\/\/obscom.intervozes.org.br\/index.php?rest_route=%2Fwp%2Fv2%2Fcategories&post=20654"},{"taxonomy":"post_tag","embeddable":true,"href":"https:\/\/obscom.intervozes.org.br\/index.php?rest_route=%2Fwp%2Fv2%2Ftags&post=20654"}],"curies":[{"name":"wp","href":"https:\/\/api.w.org\/{rel}","templated":true}]}}