{"id":20652,"date":"2008-03-11T21:50:18","date_gmt":"2008-03-11T21:50:18","guid":{"rendered":"https:\/\/obscom.intervozes.org.br\/wordpress\/?p=20652"},"modified":"2008-03-11T21:50:18","modified_gmt":"2008-03-11T21:50:18","slug":"entidades-vao-ao-senado-manifestar-apoio-a-aprovacao-da-mp-que-cria-a-ebc","status":"publish","type":"post","link":"https:\/\/obscom.intervozes.org.br\/?p=20652","title":{"rendered":"Entidades v\u00e3o ao Senado manifestar apoio \u00e0 aprova\u00e7\u00e3o da MP que cria a EBC"},"content":{"rendered":"<p><span>Entidades da &aacute;rea da comunica&ccedil;&atilde;o e da produ&ccedil;&atilde;o audiovisual registraram hoje (11) no Senado apoio &agrave; cria&ccedil;&atilde;o da EBC &ndash; Empresa Brasil de Comunica&ccedil;&atilde;o, mantenedora da nova TV p&uacute;blica. Representantes das entidades foram recebidos pelo presidente do Senado, Garibaldi Alves Filho.<\/p>\n<p><\/span><span>A medida provis&oacute;ria (MP 398\/07) que criou a EBC j&aacute; foi aprovada pela C&acirc;mara dos Deputados e, agora, est&aacute; na pauta da Ordem do Dia do Senado, na forma de projeto de lei de convers&atilde;o (PLV 2\/08).<\/span><span>&nbsp;<\/span><span>A presidente da TV Brasil, Tereza Cruvinel, defendeu a cria&ccedil;&atilde;o da emissora: &ldquo;Uma TV p&uacute;blica, em qualquer democracia do mundo, &eacute; sinal de pluralidade e conquista de cidadania&rdquo;.<\/p>\n<p><\/span><span>O cartunista Ziraldo esteve presente no ato para manifestar seu apoio &agrave; EBC. &quot;A televis&atilde;o comercial n&atilde;o costuma aproveitar o que &eacute; criado pelo povo&rdquo;, disse.<\/p>\n<p><\/span><span>O presidente da Associa&ccedil;&atilde;o Brasileira das Emissoras P&uacute;blicas Educativas e Culturais (Abepec), Antonio Achilis, tamb&eacute;m defendeu a cria&ccedil;&atilde;o da nova empresa p&uacute;blica de comunica&ccedil;&atilde;o. &ldquo;O projeto que est&aacute; sendo votado agora &eacute; o passo mais avan&ccedil;ado do ponto de vista da democratiza&ccedil;&atilde;o. &Eacute; a melhor arquitetura de televis&atilde;o p&uacute;blica do mundo &#8211; avaliou, lembrando que, antes de ser encampada pelo governo, a proposta de cria&ccedil;&atilde;o de uma TV p&uacute;blica foi discutida por entidades do setor ao longo de dois anos&rdquo;.<\/p>\n<p>* Com informa&ccedil;&otilde;es da Ag&ecirc;ncia Senado.<\/span><\/p>\n","protected":false},"excerpt":{"rendered":"<p>Entidades da &aacute;rea da comunica&ccedil;&atilde;o e da produ&ccedil;&atilde;o audiovisual registraram hoje (11) no Senado apoio &agrave; cria&ccedil;&atilde;o da EBC &ndash; Empresa Brasil de Comunica&ccedil;&atilde;o, mantenedora da nova TV p&uacute;blica. Representantes das entidades foram recebidos pelo presidente do Senado, Garibaldi Alves Filho. A medida provis&oacute;ria (MP 398\/07) que criou a EBC j&aacute; foi aprovada pela C&acirc;mara &hellip; <a href=\"https:\/\/obscom.intervozes.org.br\/?p=20652\" class=\"more-link\">Continue lendo <span class=\"screen-reader-text\">Entidades v\u00e3o ao Senado manifestar apoio \u00e0 aprova\u00e7\u00e3o da MP que cria a EBC<\/span> <span class=\"meta-nav\">&rarr;<\/span><\/a><\/p>\n","protected":false},"author":1,"featured_media":0,"comment_status":"open","ping_status":"open","sticky":false,"template":"","format":"standard","meta":{"footnotes":""},"categories":[39],"tags":[],"_links":{"self":[{"href":"https:\/\/obscom.intervozes.org.br\/index.php?rest_route=\/wp\/v2\/posts\/20652"}],"collection":[{"href":"https:\/\/obscom.intervozes.org.br\/index.php?rest_route=\/wp\/v2\/posts"}],"about":[{"href":"https:\/\/obscom.intervozes.org.br\/index.php?rest_route=\/wp\/v2\/types\/post"}],"author":[{"embeddable":true,"href":"https:\/\/obscom.intervozes.org.br\/index.php?rest_route=\/wp\/v2\/users\/1"}],"replies":[{"embeddable":true,"href":"https:\/\/obscom.intervozes.org.br\/index.php?rest_route=%2Fwp%2Fv2%2Fcomments&post=20652"}],"version-history":[{"count":0,"href":"https:\/\/obscom.intervozes.org.br\/index.php?rest_route=\/wp\/v2\/posts\/20652\/revisions"}],"wp:attachment":[{"href":"https:\/\/obscom.intervozes.org.br\/index.php?rest_route=%2Fwp%2Fv2%2Fmedia&parent=20652"}],"wp:term":[{"taxonomy":"category","embeddable":true,"href":"https:\/\/obscom.intervozes.org.br\/index.php?rest_route=%2Fwp%2Fv2%2Fcategories&post=20652"},{"taxonomy":"post_tag","embeddable":true,"href":"https:\/\/obscom.intervozes.org.br\/index.php?rest_route=%2Fwp%2Fv2%2Ftags&post=20652"}],"curies":[{"name":"wp","href":"https:\/\/api.w.org\/{rel}","templated":true}]}}