{"id":20645,"date":"2008-03-11T12:35:22","date_gmt":"2008-03-11T12:35:22","guid":{"rendered":"https:\/\/obscom.intervozes.org.br\/wordpress\/?p=20645"},"modified":"2008-03-11T12:35:22","modified_gmt":"2008-03-11T12:35:22","slug":"acoes-contra-imprensa-sao-esparsas-diz-governo-a-oea","status":"publish","type":"post","link":"https:\/\/obscom.intervozes.org.br\/?p=20645","title":{"rendered":"A\u00e7\u00f5es contra imprensa s\u00e3o esparsas, diz governo \u00e0 OEA"},"content":{"rendered":"<p>As a&ccedil;&otilde;es contra ve&iacute;culos de comunica&ccedil;&atilde;o no Brasil s&atilde;o esparsas e o Judici&aacute;rio tem dado a resposta adequada para repelir eventuais abusos. A afirma&ccedil;&atilde;o &eacute; de um representante do Itamaraty presente na sess&atilde;o da Organiza&ccedil;&atilde;o dos Estados Americanos (OEA), na segunda-feira (10\/3), em Washington, em que se discutiu a liberdade de express&atilde;o e o direito de o cidad&atilde;o ingressar com a&ccedil;&atilde;o judicial para reivindicar seus direitos.<\/p>\n<p><em><a href=\"http:\/\/www.cidh.org\/audiencias\/131\/Restricciones%20indirectas%20lib%20exp%20Brasil.mp3\">(para ouvir a &iacute;ntegra da audi&ecirc;ncia, clique aqui)<\/a><\/em><\/p>\n<p>O encontro aconteceu a pedido da Associa&ccedil;&atilde;o Brasileira de Jornalismo Investigativo (Abraji), em conjunto com as ONGs Artigo 19 e Centro para a Justi&ccedil;a e Direito Internacional (Cejil). As entidades foram &agrave; OEA para mostrar o que entendem ser abusos contra a liberdade de imprensa no Brasil com base em um levantamento feito pela revista Consultor Jur&iacute;dico.<\/p>\n<p>A OEA pediu mais informa&ccedil;&otilde;es para o governo brasileiro para entender o motivo de tantas a&ccedil;&otilde;es judiciais contra jornais e jornalistas e que tipo de iniciativa concreta o Estado tomou ou deve adotar para equilibrar liberdade de express&atilde;o e o direito de o cidad&atilde;o de pedir repara&ccedil;&atilde;o na Justi&ccedil;a. A OEA est&aacute; interessada em dados sobre liminares que est&atilde;o restringindo a atua&ccedil;&atilde;o de jornalistas no Brasil.<\/p>\n<p>De acordo com o <a href=\"http:\/\/conjur.estadao.com.br\/static\/text\/56141,1\">Levantamento da revista Consultor Jur&iacute;dico<\/a>, feito no ano passado, h&aacute; praticamente uma a&ccedil;&atilde;o de indeniza&ccedil;&atilde;o por danos morais para cada jornalista em exerc&iacute;cio nos cinco principais grupos de comunica&ccedil;&atilde;o. Os dados mostram que, em 2007, eram 3.133 processos num universo de 3.237 profissionais. O valor m&eacute;dio das indeniza&ccedil;&otilde;es quadruplicou, passando de R$ 20 mil, em 2003, para R$ 80 mil, no ano passado.<\/p>\n<p>Na OEA, a Abraji, juntamente com a Artigo 19 e o Cejil, ainda apresentou um dossi&ecirc; para a Comiss&atilde;o Interamericana de Direitos Humanos sobre casos em que &ldquo;h&aacute; litig&acirc;ncia de m&aacute;-f&eacute; ou abusos jur&iacute;dicos contra a m&iacute;dia, jornalistas e ativistas na &aacute;rea de direitos humanos no Brasil&rdquo;. O exemplo mencionado foi o da jornalista Elvira Lobato, do jornal Folha de S. Paulo, que publicou reportagem sobre a Igreja Universal do Reino de Deus, do bispo Edir Macedo. O resultado foi uma avalanche de a&ccedil;&otilde;es. Foram ajuizados mais de 60 processos contra ela e o jornal, em diversos cantos do pa&iacute;s. Em locais, inclusive, em que o jornal n&atilde;o circula.<\/p>\n<p>A Abraji mostrou que, de 2005 a 2007, foram registrados no Superior Tribunal de Justi&ccedil;a 53 a&ccedil;&otilde;es de danos morais contra a imprensa decorrentes de declara&ccedil;&otilde;es classificadas como difamat&oacute;rias. Em 37,6% desses casos, os autores eram funcion&aacute;rios p&uacute;blicos. No Tribunal de Justi&ccedil;a de S&atilde;o Paulo, de 93 casos apresentados no curto per&iacute;odo de outubro a dezembro de 2007, 47,4% das a&ccedil;&otilde;es foram interpostas por servidores.<\/p>\n<p><strong>Alternativa<\/p>\n<p><\/strong>O relat&oacute;rio entregue &agrave; OEA apresenta algumas recomenda&ccedil;&otilde;es dirigidas tanto ao Brasil quanto &agrave; Comiss&atilde;o Interamericana de Direitos Humanos. As recomenda&ccedil;&otilde;es feitas ao Brasil incluem a revis&atilde;o da legisla&ccedil;&atilde;o para adequ&aacute;-la aos padr&otilde;es internacionais sobre o assunto; a ado&ccedil;&atilde;o de padr&otilde;es claros e objetivos para determina&ccedil;&atilde;o do dano moral e a fixa&ccedil;&atilde;o de valores em a&ccedil;&otilde;es de indeniza&ccedil;&atilde;o e a facilita&ccedil;&atilde;o e promo&ccedil;&atilde;o do uso de medidas de repara&ccedil;&atilde;o menos restritivas &agrave; liberdade de express&atilde;o.<\/p>\n<p>Outra sugest&atilde;o foi a de que, em casos de enxurradas de a&ccedil;&otilde;es judiciais por membros de determinados grupos, seja garantido tanto o direito do cidad&atilde;o de buscar repara&ccedil;&atilde;o na Justi&ccedil;a quanto o direito de defesa dos jornalistas. Isso &eacute; poss&iacute;vel, por exemplo, com a centraliza&ccedil;&atilde;o dos processos em um &uacute;nico local.<\/p>\n<p>J&aacute; as sugest&otilde;es dadas &agrave; Comiss&atilde;o incluem a realiza&ccedil;&atilde;o de estudos espec&iacute;ficos sobre os temas apresentados na audi&ecirc;ncia apara analisar sua adequa&ccedil;&atilde;o a padr&otilde;es interamericanos de direitos humanos.<\/p>\n","protected":false},"excerpt":{"rendered":"<p>As a&ccedil;&otilde;es contra ve&iacute;culos de comunica&ccedil;&atilde;o no Brasil s&atilde;o esparsas e o Judici&aacute;rio tem dado a resposta adequada para repelir eventuais abusos. A afirma&ccedil;&atilde;o &eacute; de um representante do Itamaraty presente na sess&atilde;o da Organiza&ccedil;&atilde;o dos Estados Americanos (OEA), na segunda-feira (10\/3), em Washington, em que se discutiu a liberdade de express&atilde;o e o direito &hellip; <a href=\"https:\/\/obscom.intervozes.org.br\/?p=20645\" class=\"more-link\">Continue lendo <span class=\"screen-reader-text\">A\u00e7\u00f5es contra imprensa s\u00e3o esparsas, diz governo \u00e0 OEA<\/span> <span class=\"meta-nav\">&rarr;<\/span><\/a><\/p>\n","protected":false},"author":1,"featured_media":0,"comment_status":"open","ping_status":"open","sticky":false,"template":"","format":"standard","meta":{"footnotes":""},"categories":[40],"tags":[669],"_links":{"self":[{"href":"https:\/\/obscom.intervozes.org.br\/index.php?rest_route=\/wp\/v2\/posts\/20645"}],"collection":[{"href":"https:\/\/obscom.intervozes.org.br\/index.php?rest_route=\/wp\/v2\/posts"}],"about":[{"href":"https:\/\/obscom.intervozes.org.br\/index.php?rest_route=\/wp\/v2\/types\/post"}],"author":[{"embeddable":true,"href":"https:\/\/obscom.intervozes.org.br\/index.php?rest_route=\/wp\/v2\/users\/1"}],"replies":[{"embeddable":true,"href":"https:\/\/obscom.intervozes.org.br\/index.php?rest_route=%2Fwp%2Fv2%2Fcomments&post=20645"}],"version-history":[{"count":0,"href":"https:\/\/obscom.intervozes.org.br\/index.php?rest_route=\/wp\/v2\/posts\/20645\/revisions"}],"wp:attachment":[{"href":"https:\/\/obscom.intervozes.org.br\/index.php?rest_route=%2Fwp%2Fv2%2Fmedia&parent=20645"}],"wp:term":[{"taxonomy":"category","embeddable":true,"href":"https:\/\/obscom.intervozes.org.br\/index.php?rest_route=%2Fwp%2Fv2%2Fcategories&post=20645"},{"taxonomy":"post_tag","embeddable":true,"href":"https:\/\/obscom.intervozes.org.br\/index.php?rest_route=%2Fwp%2Fv2%2Ftags&post=20645"}],"curies":[{"name":"wp","href":"https:\/\/api.w.org\/{rel}","templated":true}]}}