{"id":20641,"date":"2008-03-11T10:48:06","date_gmt":"2008-03-11T10:48:06","guid":{"rendered":"https:\/\/obscom.intervozes.org.br\/wordpress\/?p=20641"},"modified":"2008-03-11T10:48:06","modified_gmt":"2008-03-11T10:48:06","slug":"entidade-condena-declaracoes-do-presidente-da-forca-sindical","status":"publish","type":"post","link":"https:\/\/obscom.intervozes.org.br\/?p=20641","title":{"rendered":"Entidade condena declara\u00e7\u00f5es do presidente da For\u00e7a Sindical"},"content":{"rendered":"<p><span>O presidente da Fenaj, S&eacute;rgio Murillo de Andrade, defendeu a imediata aprova&ccedil;&atilde;o de uma nova Lei de Imprensa e o acionamento do Conselho Nacional de Justi&ccedil;a para coibir medidas de ass&eacute;dio judicial. Ele condenou as declara&ccedil;&otilde;es do presidente da For&ccedil;a Sindical e deputado federal Paulo Pereira da Silva (PDT-SP), que amea&ccedil;ou entrar com 20 processos contra os jornais O Globo e Folha de S.Paulo, que publicaram mat&eacute;rias sobre o repasse de verbas do Minist&eacute;rio do Trabalho para entidades ligadas &agrave; central sindical.<\/p>\n<p><\/span><span>Diversas entidades pronunciaram-se contra o destempero verbal do sindicalista e parlamentar. Considerando-se ofendido pelo conte&uacute;do das mat&eacute;rias, o deputado Paulo Pereira da Silva anunciou que &quot;dar&aacute; trabalho&quot; aos dois ve&iacute;culos de comunica&ccedil;&atilde;o, abrindo processos judiciais em v&aacute;rias partes do Brasil. &quot;&Eacute; s&oacute; para eles aprenderem a respeitar as pessoas. Eu estou fazendo apenas 20. Se n&atilde;o parar, vou fazer de 1.000 a 2.000 a&ccedil;&otilde;es contra eles no Brasil inteiro&quot;, amea&ccedil;ou.<\/p>\n<p><\/span><span>Os jornais publicaram mat&eacute;rias sobre 12 conv&ecirc;nios do Minist&eacute;rio do Trabalho com pessoas e entidades ligadas ao PDT e a For&ccedil;a Sindical. Revoltado por n&atilde;o ter sido ouvido, &quot;Paulinho&quot; amea&ccedil;ou entrar com a&ccedil;&otilde;es. E chegou a dizer que &quot;a Igreja Universal vai ser fichinha&quot;, numa alus&atilde;o a dezenas de processos que integrantes da Igreja Universal moveram contra profissionais e ve&iacute;culos de comunica&ccedil;&atilde;o.<\/p>\n<p><\/span><span><strong>Ass&eacute;dio judicial<\/p>\n<p><\/strong><\/span><span>&quot;N&atilde;o podemos aceitar amea&ccedil;as e intimida&ccedil;&otilde;es &agrave; imprensa e aos jornalistas&quot;, reagiu o presidente da Fenaj, lembrando que quem mais perde com a&ccedil;&otilde;es deste tipo &eacute; a sociedade, que tem o seu direito &agrave; informa&ccedil;&atilde;o prejudicado. &quot;O deputado tem todo o direito de procurar a justi&ccedil;a caso se julgue ofendido, o que &eacute; inaceit&aacute;vel &eacute; usar de amea&ccedil;as para calar a imprensa&quot;, protesta Murillo.<\/p>\n<p><\/span><span>Ao lembrar que foi o PDT que entrou com a&ccedil;&atilde;o no Supremo Tribunal Federal contra a Lei de Imprensa em vigor no pa&iacute;s, S&eacute;rgio Murillo v&ecirc; nas declara&ccedil;&otilde;es do parlamentar uma contradi&ccedil;&atilde;o com a movimenta&ccedil;&atilde;o de seu partido e com sua trajet&oacute;ria sindical. &quot;&Eacute; por causa de manifesta&ccedil;&otilde;es deste tipo que &eacute; necess&aacute;rio aprovar uma nova Lei de Imprensa, com conte&uacute;do democr&aacute;tico&quot;, argumentou, defendendo a aprova&ccedil;&atilde;o do Projeto de Lei 3.232\/92, que est&aacute; parada no Senado desde 1997.<\/p>\n<p><\/span><span>Para Murillo, as declara&ccedil;&otilde;es do parlamentar caracterizaram abertamente um processo de ass&eacute;dio judicial. Por isso ele defende que o Conselho Nacional de Justi&ccedil;a se posicione sobre o caso.<\/span><\/p>\n","protected":false},"excerpt":{"rendered":"<p>O presidente da Fenaj, S&eacute;rgio Murillo de Andrade, defendeu a imediata aprova&ccedil;&atilde;o de uma nova Lei de Imprensa e o acionamento do Conselho Nacional de Justi&ccedil;a para coibir medidas de ass&eacute;dio judicial. Ele condenou as declara&ccedil;&otilde;es do presidente da For&ccedil;a Sindical e deputado federal Paulo Pereira da Silva (PDT-SP), que amea&ccedil;ou entrar com 20 processos &hellip; <a href=\"https:\/\/obscom.intervozes.org.br\/?p=20641\" class=\"more-link\">Continue lendo <span class=\"screen-reader-text\">Entidade condena declara\u00e7\u00f5es do presidente da For\u00e7a Sindical<\/span> <span class=\"meta-nav\">&rarr;<\/span><\/a><\/p>\n","protected":false},"author":1,"featured_media":0,"comment_status":"open","ping_status":"open","sticky":false,"template":"","format":"standard","meta":{"footnotes":""},"categories":[40],"tags":[122],"_links":{"self":[{"href":"https:\/\/obscom.intervozes.org.br\/index.php?rest_route=\/wp\/v2\/posts\/20641"}],"collection":[{"href":"https:\/\/obscom.intervozes.org.br\/index.php?rest_route=\/wp\/v2\/posts"}],"about":[{"href":"https:\/\/obscom.intervozes.org.br\/index.php?rest_route=\/wp\/v2\/types\/post"}],"author":[{"embeddable":true,"href":"https:\/\/obscom.intervozes.org.br\/index.php?rest_route=\/wp\/v2\/users\/1"}],"replies":[{"embeddable":true,"href":"https:\/\/obscom.intervozes.org.br\/index.php?rest_route=%2Fwp%2Fv2%2Fcomments&post=20641"}],"version-history":[{"count":0,"href":"https:\/\/obscom.intervozes.org.br\/index.php?rest_route=\/wp\/v2\/posts\/20641\/revisions"}],"wp:attachment":[{"href":"https:\/\/obscom.intervozes.org.br\/index.php?rest_route=%2Fwp%2Fv2%2Fmedia&parent=20641"}],"wp:term":[{"taxonomy":"category","embeddable":true,"href":"https:\/\/obscom.intervozes.org.br\/index.php?rest_route=%2Fwp%2Fv2%2Fcategories&post=20641"},{"taxonomy":"post_tag","embeddable":true,"href":"https:\/\/obscom.intervozes.org.br\/index.php?rest_route=%2Fwp%2Fv2%2Ftags&post=20641"}],"curies":[{"name":"wp","href":"https:\/\/api.w.org\/{rel}","templated":true}]}}