{"id":20639,"date":"2008-03-10T17:42:54","date_gmt":"2008-03-10T17:42:54","guid":{"rendered":"https:\/\/obscom.intervozes.org.br\/wordpress\/?p=20639"},"modified":"2008-03-10T17:42:54","modified_gmt":"2008-03-10T17:42:54","slug":"forum-nacional-de-defesa-da-crianca-e-do-adolescente-manifesta-apoio-a-classificacao-indicativa","status":"publish","type":"post","link":"https:\/\/obscom.intervozes.org.br\/?p=20639","title":{"rendered":"F\u00f3rum Nacional de Defesa da Crian\u00e7a e do Adolescente manifesta apoio \u00e0 Classifica\u00e7\u00e3o Indicativa"},"content":{"rendered":"<p><span>O F&oacute;rum Nacional de Defesa da Crian&ccedil;a e do Adolescente est&aacute; convocando todos os F&oacute;runs Estaduais e as organiza&ccedil;&otilde;es de defesa dos direitos infanto-juvenis a realizarem debates e articula&ccedil;&otilde;es para defender que as regras da classifica&ccedil;&atilde;o indicativa se estendam a todas as popula&ccedil;&otilde;es do Pa&iacute;s. As normas j&aacute; vigoram para os que residem nas regi&otilde;es com o hor&aacute;rio de Bras&iacute;lia.<\/span><span>&nbsp;<\/span> <\/p>\n<p style=\"margin: 0cm 0cm 0pt\" class=\"MsoNormal\"><span>A&nbsp; iniciativa tem em vista o cumprimento do prazo concedido pelo Minist&eacute;rio da Justi&ccedil;a (dia 7 de abril) para que as emissoras de TV adeq&uuml;em as faixas hor&aacute;rias de exibi&ccedil;&atilde;o dos programas de entretenimento &agrave;&nbsp; hora local de cada estado. Segundo Jimena Grignani, secret&aacute;ria nacional do F&oacute;rum, n&atilde;o &eacute; poss&iacute;vel tratar parcelas espec&iacute;ficas da popula&ccedil;&atilde;o infanto-juvenil de maneira distinta das demais. &ldquo;Os direitos s&atilde;o universais e indivis&iacute;veis. A portaria 1220 deve valer para todo o Pa&iacute;s e n&atilde;o somente para as localidades com fuso id&ecirc;ntico ao de Bras&iacute;lia&rdquo;. <\/p>\n<p>As informa&ccedil;&otilde;es s&atilde;o da Andi &#8211; Ag&ecirc;ncia de Not&iacute;cias dos Direitos da Inf&acirc;ncia<\/span><\/p>\n","protected":false},"excerpt":{"rendered":"<p>O F&oacute;rum Nacional de Defesa da Crian&ccedil;a e do Adolescente est&aacute; convocando todos os F&oacute;runs Estaduais e as organiza&ccedil;&otilde;es de defesa dos direitos infanto-juvenis a realizarem debates e articula&ccedil;&otilde;es para defender que as regras da classifica&ccedil;&atilde;o indicativa se estendam a todas as popula&ccedil;&otilde;es do Pa&iacute;s. As normas j&aacute; vigoram para os que residem nas regi&otilde;es &hellip; <a href=\"https:\/\/obscom.intervozes.org.br\/?p=20639\" class=\"more-link\">Continue lendo <span class=\"screen-reader-text\">F\u00f3rum Nacional de Defesa da Crian\u00e7a e do Adolescente manifesta apoio \u00e0 Classifica\u00e7\u00e3o Indicativa<\/span> <span class=\"meta-nav\">&rarr;<\/span><\/a><\/p>\n","protected":false},"author":1,"featured_media":0,"comment_status":"open","ping_status":"open","sticky":false,"template":"","format":"standard","meta":{"footnotes":""},"categories":[39],"tags":[],"_links":{"self":[{"href":"https:\/\/obscom.intervozes.org.br\/index.php?rest_route=\/wp\/v2\/posts\/20639"}],"collection":[{"href":"https:\/\/obscom.intervozes.org.br\/index.php?rest_route=\/wp\/v2\/posts"}],"about":[{"href":"https:\/\/obscom.intervozes.org.br\/index.php?rest_route=\/wp\/v2\/types\/post"}],"author":[{"embeddable":true,"href":"https:\/\/obscom.intervozes.org.br\/index.php?rest_route=\/wp\/v2\/users\/1"}],"replies":[{"embeddable":true,"href":"https:\/\/obscom.intervozes.org.br\/index.php?rest_route=%2Fwp%2Fv2%2Fcomments&post=20639"}],"version-history":[{"count":0,"href":"https:\/\/obscom.intervozes.org.br\/index.php?rest_route=\/wp\/v2\/posts\/20639\/revisions"}],"wp:attachment":[{"href":"https:\/\/obscom.intervozes.org.br\/index.php?rest_route=%2Fwp%2Fv2%2Fmedia&parent=20639"}],"wp:term":[{"taxonomy":"category","embeddable":true,"href":"https:\/\/obscom.intervozes.org.br\/index.php?rest_route=%2Fwp%2Fv2%2Fcategories&post=20639"},{"taxonomy":"post_tag","embeddable":true,"href":"https:\/\/obscom.intervozes.org.br\/index.php?rest_route=%2Fwp%2Fv2%2Ftags&post=20639"}],"curies":[{"name":"wp","href":"https:\/\/api.w.org\/{rel}","templated":true}]}}