{"id":20638,"date":"2008-03-10T14:39:48","date_gmt":"2008-03-10T14:39:48","guid":{"rendered":"https:\/\/obscom.intervozes.org.br\/wordpress\/?p=20638"},"modified":"2008-03-10T14:39:48","modified_gmt":"2008-03-10T14:39:48","slug":"ebc-e-so-o-embriao-de-um-sistema-publico-afirma-pesquisadora","status":"publish","type":"post","link":"https:\/\/obscom.intervozes.org.br\/?p=20638","title":{"rendered":"EBC \u00e9 s\u00f3 o embri\u00e3o de um sistema p\u00fablico, afirma pesquisadora"},"content":{"rendered":"<p style=\"margin: 0cm 0cm 0pt\" class=\"MsoNormal\"><span>A cria&ccedil;&atilde;o da Empresa Brasil de Comunica&ccedil;&atilde;o e, especialmente, da TV Brasil n&atilde;o pode ofuscar o debate de fundo sobre a implanta&ccedil;&atilde;o de um Sistema P&uacute;blico de Comunica&ccedil;&atilde;o, previsto no artigo 223 da Constitui&ccedil;&atilde;o Federal. A preocupa&ccedil;&atilde;o esteve presente no semin&aacute;rio &ldquo;A TV Brasil e os desafios para a constitui&ccedil;&atilde;o de um sistema p&uacute;blico de comunica&ccedil;&atilde;o&rdquo;, promovido pelo Intervozes na Escola de Comunica&ccedil;&otilde;es e Artes da USP na &uacute;ltima sexta-feira (7), onde especialistas no tema e representantes da sociedade civil ressaltaram a import&acirc;ncia do fortalecimento da EBC como um primeiro passo neste sentido.<\/p>\n<p><\/span><span>&ldquo;Equipamento &eacute; diferente de sistema. O que o governo faz agora, com a cria&ccedil;&atilde;o da EBC, &eacute; instituir um equipamento que pode ser fomentador da cria&ccedil;&atilde;o do sistema p&uacute;blico de comunica&ccedil;&atilde;o&rdquo;, ressaltou Wilma Madeira, pesquisadora do Grupo de Trabalho em Comunica&ccedil;&atilde;o da Associa&ccedil;&atilde;o Brasileira de Sa&uacute;de Coletiva (Abrasco). Wilma tra&ccedil;ou um paralelo entre a disputa colocada para o campo da comunica&ccedil;&atilde;o e a j&aacute; realizada pelo movimento de sa&uacute;de pela implementa&ccedil;&atilde;o do Sistema &Uacute;nico de Sa&uacute;de (SUS). <\/p>\n<p><\/span><span>O representante do Intervozes, Jo&atilde;o Brant, lembrou o desequil&iacute;brio entre a for&ccedil;a do sistema privado e a fragmenta&ccedil;&atilde;o de iniciativas dentro do chamado campo p&uacute;blico, especialmente no que diz respeito &agrave; radiodifus&atilde;o. No entanto, alertou tamb&eacute;m para o fato que a &ldquo;TV p&uacute;blica &eacute; apenas o embri&atilde;o de um sistema p&uacute;blico de comunica&ccedil;&atilde;o&rdquo;. <br \/><\/span><\/p>\n<p><span>&ldquo;&Eacute; preciso trabalhar no presente, cuidar dos buracos no caminho, mas sem deixar de olhar para o futuro&rdquo;, disse Brant. A afirma&ccedil;&atilde;o &eacute; uma clara refer&ecirc;ncia &agrave;s disputas pontuais pela aprova&ccedil;&atilde;o da Medida Provis&oacute;ria que criou a EBC e &agrave; organiza&ccedil;&atilde;o interna do canal federal.<\/p>\n<p><\/span><span>Para Wilma Madeira, &eacute; preciso resguardar desde j&aacute; os princ&iacute;pios m&iacute;nimos de um sistema p&uacute;blico: participa&ccedil;&atilde;o e controle social na gest&atilde;o, e independ&ecirc;ncia do governo e do mercado. &ldquo;Temos de ter em mente que a estrutura e a gest&atilde;o formatam as id&eacute;ias&rdquo;, comentou.<\/p>\n<p><\/span><span>Brant lembrou ainda que o debate em torno da TV Brasil faz com que temas como a constitui&ccedil;&atilde;o de uma rede p&uacute;blica de r&aacute;dios e de uma pol&iacute;tica de incentivo real &agrave; produ&ccedil;&atilde;o popular, como a cria&ccedil;&atilde;o de Centrais P&uacute;blicas de Comunica&ccedil;&atilde;o, tenham sido postas de lado. Da mesma forma, para ele &eacute; preciso ter desde j&aacute; uma posi&ccedil;&atilde;o clara sobre a constitui&ccedil;&atilde;o do sistema p&uacute;blico em um ambiente de converg&ecirc;ncia tecnol&oacute;gica.<\/p>\n<p><\/span><span><strong>Regulamenta&ccedil;&atilde;o<\/p>\n<p><\/strong><\/span><span>O professor da Universidade de S&atilde;o Paulo e pesquisador do tema da TV p&uacute;blica, Laurindo Lalo Leal Filho, reconhece as limita&ccedil;&otilde;es das a&ccedil;&otilde;es desenvolvidas at&eacute; agora no &acirc;mbito do governo, mas comemora o fato do tema ter voltado &agrave; berlinda. &ldquo;A unidade em torno da implanta&ccedil;&atilde;o de um sistema de radiodifus&atilde;o p&uacute;blica &eacute; sinal de um avan&ccedil;o na democracia do pa&iacute;s&rdquo;, afirmou.<\/p>\n<p><\/span><span>Lalo apontou a regulamenta&ccedil;&atilde;o do artigo 223 da Constitui&ccedil;&atilde;o brasileira como uma meta a ser perseguida. O artigo prev&ecirc; que o sistema de comunica&ccedil;&atilde;o nacional ser&aacute; formado pelos sistemas p&uacute;blico, privado e estatal funcionando em equil&iacute;brio. O pesquisador da USP, assim como Jo&atilde;o Brant, refor&ccedil;aram que praticamente todos os pontos relacionados ao tema da comunica&ccedil;&atilde;o, at&eacute; hoje n&atilde;o h&aacute; uma regulamenta&ccedil;&atilde;o que caracterize o funcionamento dos sistemas p&uacute;blico e estatal.<\/p>\n<p><\/span><span>Mais cedo, a presidente da empresa, Tereza Cruvinel, havia dito que a &ldquo;regulamenta&ccedil;&atilde;o do artigo 223 n&atilde;o saiu de um deslumbre repentino: vamos fazer uma TV P&uacute;blica&rdquo;. Segundo ela, a discuss&atilde;o sobre o artigo constitucional tinha sido, at&eacute; agora, &ldquo;um debate interditado&rdquo;. &ldquo;A EBC foi criada para fazer acontecer o artigo 223&rdquo;, afirmou Tereza.<\/p>\n<p><\/span><span>Para o pesquisador da USP, a MP 398, que criou a EBC, n&atilde;o pode ser considerada uma regulamenta&ccedil;&atilde;o. Lalo tamb&eacute;m indicou que a empresa estatal e a TV Brasil s&atilde;o um n&uacute;cleo a partir do qual pode se estabelecer um sistema p&uacute;blico.<\/span><\/p>\n","protected":false},"excerpt":{"rendered":"<p>A cria&ccedil;&atilde;o da Empresa Brasil de Comunica&ccedil;&atilde;o e, especialmente, da TV Brasil n&atilde;o pode ofuscar o debate de fundo sobre a implanta&ccedil;&atilde;o de um Sistema P&uacute;blico de Comunica&ccedil;&atilde;o, previsto no artigo 223 da Constitui&ccedil;&atilde;o Federal. A preocupa&ccedil;&atilde;o esteve presente no semin&aacute;rio &ldquo;A TV Brasil e os desafios para a constitui&ccedil;&atilde;o de um sistema p&uacute;blico de &hellip; <a href=\"https:\/\/obscom.intervozes.org.br\/?p=20638\" class=\"more-link\">Continue lendo <span class=\"screen-reader-text\">EBC \u00e9 s\u00f3 o embri\u00e3o de um sistema p\u00fablico, afirma pesquisadora<\/span> <span class=\"meta-nav\">&rarr;<\/span><\/a><\/p>\n","protected":false},"author":1,"featured_media":0,"comment_status":"open","ping_status":"open","sticky":false,"template":"","format":"standard","meta":{"footnotes":""},"categories":[40],"tags":[259],"_links":{"self":[{"href":"https:\/\/obscom.intervozes.org.br\/index.php?rest_route=\/wp\/v2\/posts\/20638"}],"collection":[{"href":"https:\/\/obscom.intervozes.org.br\/index.php?rest_route=\/wp\/v2\/posts"}],"about":[{"href":"https:\/\/obscom.intervozes.org.br\/index.php?rest_route=\/wp\/v2\/types\/post"}],"author":[{"embeddable":true,"href":"https:\/\/obscom.intervozes.org.br\/index.php?rest_route=\/wp\/v2\/users\/1"}],"replies":[{"embeddable":true,"href":"https:\/\/obscom.intervozes.org.br\/index.php?rest_route=%2Fwp%2Fv2%2Fcomments&post=20638"}],"version-history":[{"count":0,"href":"https:\/\/obscom.intervozes.org.br\/index.php?rest_route=\/wp\/v2\/posts\/20638\/revisions"}],"wp:attachment":[{"href":"https:\/\/obscom.intervozes.org.br\/index.php?rest_route=%2Fwp%2Fv2%2Fmedia&parent=20638"}],"wp:term":[{"taxonomy":"category","embeddable":true,"href":"https:\/\/obscom.intervozes.org.br\/index.php?rest_route=%2Fwp%2Fv2%2Fcategories&post=20638"},{"taxonomy":"post_tag","embeddable":true,"href":"https:\/\/obscom.intervozes.org.br\/index.php?rest_route=%2Fwp%2Fv2%2Ftags&post=20638"}],"curies":[{"name":"wp","href":"https:\/\/api.w.org\/{rel}","templated":true}]}}