{"id":20633,"date":"2008-03-10T13:01:10","date_gmt":"2008-03-10T13:01:10","guid":{"rendered":"https:\/\/obscom.intervozes.org.br\/wordpress\/?p=20633"},"modified":"2008-03-10T13:01:10","modified_gmt":"2008-03-10T13:01:10","slug":"associacoes-mostram-se-preocupadas-com-promocoes-enganosas-na-tv","status":"publish","type":"post","link":"https:\/\/obscom.intervozes.org.br\/?p=20633","title":{"rendered":"Associa\u00e7\u00f5es mostram-se preocupadas com promo\u00e7\u00f5es enganosas na TV"},"content":{"rendered":"<p>A Associa&ccedil;&atilde;o Brasileira de Anunciantes (ABA) e a Associa&ccedil;&atilde;o Brasileira de Marketing Promocional (Ampro) manifestaram seu posicionamento em rela&ccedil;&atilde;o a expans&atilde;o e a perman&ecirc;ncia de certas atividades de promo&ccedil;&atilde;o instant&acirc;nea em programas na TV.<\/p>\n<p>Em comunicado enviado a diversas autoridades brasileiras, as associa&ccedil;&otilde;es alegam que tais programas, veiculados tanto na TV aberta quanto na paga, levam os telespectadores a telefonarem &agrave;s emissoras para concorrerem a pr&ecirc;mios em dinheiro e mercadorias, como se fossem jogos de azar. De acordo com informa&ccedil;&otilde;es do jornal Propaganda &amp; Marketing, o objetivo de tais programas seria gerar receita paras as emissoras envolvidas por meio de liga&ccedil;&otilde;es telef&ocirc;nicas com valores muito acima do mercado.<\/p>\n<p>Os programas que mais despertaram a aten&ccedil;&atilde;o da ABA e da Ampro foram o &quot;Hiper QI&quot; e o &quot;P&acirc;nico na TV&quot;, ambos da Rede TV!.<\/p>\n<p>De acordo com o presidente do conselho diretor da Ampro, Jo&atilde;o Carlos Zicard Vieira, o objetivo &eacute; alertar os respons&aacute;veis envolvidos na comunica&ccedil;&atilde;o do pa&iacute;s. &quot;Queremos que as autoridades observem este fato que compromete a imagem dos setores&quot;, acrescentou.<\/p>\n<p>O jornal informa, ainda, que nenhuma das emissoras procuradas, sendo elas Recordo, Rede TV!, e o SBT quiseram se pronunciar a respeito. E as redes Gazeta, Globo e Bandeirantes n&atilde;o se deram respostas.<\/p>\n<p>Segundo informa a edi&ccedil;&atilde;o publicada nesta segunda-feira (10), entre os que receberam o comunicado das associa&ccedil;&otilde;es, est&aacute; o ministro das Comunica&ccedil;&otilde;es H&eacute;lio Costa.<\/p>\n","protected":false},"excerpt":{"rendered":"<p>A Associa&ccedil;&atilde;o Brasileira de Anunciantes (ABA) e a Associa&ccedil;&atilde;o Brasileira de Marketing Promocional (Ampro) manifestaram seu posicionamento em rela&ccedil;&atilde;o a expans&atilde;o e a perman&ecirc;ncia de certas atividades de promo&ccedil;&atilde;o instant&acirc;nea em programas na TV. Em comunicado enviado a diversas autoridades brasileiras, as associa&ccedil;&otilde;es alegam que tais programas, veiculados tanto na TV aberta quanto na paga, &hellip; <a href=\"https:\/\/obscom.intervozes.org.br\/?p=20633\" class=\"more-link\">Continue lendo <span class=\"screen-reader-text\">Associa\u00e7\u00f5es mostram-se preocupadas com promo\u00e7\u00f5es enganosas na TV<\/span> <span class=\"meta-nav\">&rarr;<\/span><\/a><\/p>\n","protected":false},"author":1,"featured_media":0,"comment_status":"open","ping_status":"open","sticky":false,"template":"","format":"standard","meta":{"footnotes":""},"categories":[40],"tags":[373],"_links":{"self":[{"href":"https:\/\/obscom.intervozes.org.br\/index.php?rest_route=\/wp\/v2\/posts\/20633"}],"collection":[{"href":"https:\/\/obscom.intervozes.org.br\/index.php?rest_route=\/wp\/v2\/posts"}],"about":[{"href":"https:\/\/obscom.intervozes.org.br\/index.php?rest_route=\/wp\/v2\/types\/post"}],"author":[{"embeddable":true,"href":"https:\/\/obscom.intervozes.org.br\/index.php?rest_route=\/wp\/v2\/users\/1"}],"replies":[{"embeddable":true,"href":"https:\/\/obscom.intervozes.org.br\/index.php?rest_route=%2Fwp%2Fv2%2Fcomments&post=20633"}],"version-history":[{"count":0,"href":"https:\/\/obscom.intervozes.org.br\/index.php?rest_route=\/wp\/v2\/posts\/20633\/revisions"}],"wp:attachment":[{"href":"https:\/\/obscom.intervozes.org.br\/index.php?rest_route=%2Fwp%2Fv2%2Fmedia&parent=20633"}],"wp:term":[{"taxonomy":"category","embeddable":true,"href":"https:\/\/obscom.intervozes.org.br\/index.php?rest_route=%2Fwp%2Fv2%2Fcategories&post=20633"},{"taxonomy":"post_tag","embeddable":true,"href":"https:\/\/obscom.intervozes.org.br\/index.php?rest_route=%2Fwp%2Fv2%2Ftags&post=20633"}],"curies":[{"name":"wp","href":"https:\/\/api.w.org\/{rel}","templated":true}]}}