{"id":20630,"date":"2008-03-10T12:45:28","date_gmt":"2008-03-10T12:45:28","guid":{"rendered":"https:\/\/obscom.intervozes.org.br\/wordpress\/?p=20630"},"modified":"2008-03-10T12:45:28","modified_gmt":"2008-03-10T12:45:28","slug":"acoes-judiciais-sao-so-o-comeco-diz-paulinho-da-forca-sindical","status":"publish","type":"post","link":"https:\/\/obscom.intervozes.org.br\/?p=20630","title":{"rendered":"A\u00e7\u00f5es judiciais s\u00e3o &#8216;s\u00f3 o come\u00e7o&#8217;, diz Paulinho da For\u00e7a Sindical"},"content":{"rendered":"<p>O presidente da For&ccedil;a Sindical e deputado federal, Paulo Pereira da Silva (PDT-SP), o Paulinho, disse ontem que vai se reunir na segunda-feira com advogados para discutir as a&ccedil;&otilde;es que ser&atilde;o movidas por ele e filiados &agrave; central contra a Folha e o jornal &#39;O Globo&#39;. <\/p>\n<p>Anteontem, Paulinho disse que processar&aacute; a Folha e &#39;O Globo&#39; em 20 Estados devido &agrave; s&eacute;rie de reportagens que os ve&iacute;culos publicaram sobre repasse de verba do Minist&eacute;rio do Trabalho para a central. A inten&ccedil;&atilde;o &eacute; an&aacute;loga &agrave; estrat&eacute;gia dos fi&eacute;is da Igreja Universal do Reino de Deus, que entraram com v&aacute;rias a&ccedil;&otilde;es semelhantes.<\/p>\n<p>Segundo ele, se o n&uacute;mero de a&ccedil;&otilde;es n&atilde;o for suficiente para que os jornais parem com as reportagens, os sindicalistas ir&atilde;o ingressar com a&ccedil;&otilde;es, de 1.000 a 2.000, em todo o pa&iacute;s. &#39;Na segunda-feira, vai ter reuni&atilde;o com os advogados. A partir de ent&atilde;o, vou ingressar [na Justi&ccedil;a]e as estaduais da For&ccedil;a v&atilde;o ingressar em cada um dos Estados&#39;, disse &agrave; Folha. Segundo ele, as a&ccedil;&otilde;es ser&atilde;o &#39;apenas o come&ccedil;o&#39; do que a For&ccedil;a pretende fazer, e amea&ccedil;ou: &#39;Depende do que voc&ecirc;s fizerem&#39;. <\/p>\n<p>Tamb&eacute;m se queixou da Folha. &#39;Sempre tive uma boa rela&ccedil;&atilde;o com o senhor Frias[Octavio Frias de Oliveira, publisher da Folha morto em 29 de abril de 2007], lamento que seja preciso chegar a esse ponto, n&atilde;o sei quem &eacute; l&aacute; que est&aacute; levando a essa situa&ccedil;&atilde;o. O dr. Frias era meu conselheiro, n&atilde;o fazia nada sem perguntar para ele, lamento que o jornal que ele deixou, trabalhou a vida inteira, est&aacute; indo para esse caminho, de ficar atacando os outros.&#39; <\/p>\n<p>&#39;Como o jornal est&aacute; fazendo putaria comigo, vou responder com putaria&#39;, disse. &#39;Na hora que doer no bolso dele [do jornal], ele vai ter que me ouvir. Se ele n&atilde;o me ouve, vai ter que ser desse jeito&#39;, completou o deputado, sobre sua inten&ccedil;&atilde;o ao estimular filiados da central a ingressarem com a&ccedil;&otilde;es na Justi&ccedil;a contra a Folha e &#39;O Globo&#39;. <\/p>\n<p>Sobre os alertas da OAB e de juristas, de que a For&ccedil;a pode ser processada por estimular a&ccedil;&otilde;es pelo pa&iacute;s, afirmou: &#39;Vamos ver. O que n&atilde;o vou aceitar mais &eacute; que eu falo, falo, pe&ccedil;o para responder, falo que a For&ccedil;a n&atilde;o tem conv&ecirc;nio com o Minist&eacute;rio do Trabalho nem com nenhum minist&eacute;rio, mando cartinha e n&atilde;o se publica&#39;. <\/p>\n<p>O deputado disse que a For&ccedil;a tem 16 milh&otilde;es de filiados e que as den&uacute;ncias constrangem os sindicalizados. &#39;Quando voc&ecirc;s me esculhambam, afetam as pessoas, quando a Folha fala que a For&ccedil;a est&aacute; fazendo corrup&ccedil;&atilde;o, companheiros do Brasil inteiro t&ecirc;m dificuldade de explicar. Quando acusam, t&ecirc;m que levar em conta isso.&#39; <\/p>\n<p>Ele disse que enviou &#39;v&aacute;rias&#39; cartas &agrave; Folha explicando den&uacute;ncias que foram publicadas e que o jornal publicou &#39;apenas&#39; duas delas. &#39;Tentamos falar com a chefe de Reda&ccedil;&atilde;o, que n&atilde;o nos atendeu. Os dirigentes mandaram [cartas], e eles n&atilde;o responderam&#39;, afirmou. <\/p>\n<p>&#39;Depois das cartas, a Folha continuou dizendo que t&iacute;nhamos um pr&eacute;dio e conv&ecirc;nio com o governo. Foram publicadas duas [cartas] de todos os pedidos. Tinham mais cartas.&#39; Paulinho disse que o PDT n&atilde;o teve participa&ccedil;&atilde;o na decis&atilde;o da For&ccedil;a de processar os jornais. &#39;Fa&ccedil;o isso como pessoa f&iacute;sica, como cidad&atilde;o que est&aacute; se sentindo ofendido pelo jornal e n&atilde;o consegue responder.&#39;<\/p>\n<p><strong>Nota da Reda&ccedil;&atilde;o <\/p>\n<p><\/strong>A Folha apenas praticou jornalismo. O jornal publicou as duas cartas que recebeu do presidente da For&ccedil;a Sindical e fez renovados pedidos de entrevistas. A editora-executiva, Eleonora de Lucena, n&atilde;o foi procurada pelo sindicalista. <\/p>\n","protected":false},"excerpt":{"rendered":"<p>O presidente da For&ccedil;a Sindical e deputado federal, Paulo Pereira da Silva (PDT-SP), o Paulinho, disse ontem que vai se reunir na segunda-feira com advogados para discutir as a&ccedil;&otilde;es que ser&atilde;o movidas por ele e filiados &agrave; central contra a Folha e o jornal &#39;O Globo&#39;. Anteontem, Paulinho disse que processar&aacute; a Folha e &#39;O &hellip; <a href=\"https:\/\/obscom.intervozes.org.br\/?p=20630\" class=\"more-link\">Continue lendo <span class=\"screen-reader-text\">A\u00e7\u00f5es judiciais s\u00e3o &#8216;s\u00f3 o come\u00e7o&#8217;, diz Paulinho da For\u00e7a Sindical<\/span> <span class=\"meta-nav\">&rarr;<\/span><\/a><\/p>\n","protected":false},"author":1,"featured_media":0,"comment_status":"open","ping_status":"open","sticky":false,"template":"","format":"standard","meta":{"footnotes":""},"categories":[40],"tags":[271],"_links":{"self":[{"href":"https:\/\/obscom.intervozes.org.br\/index.php?rest_route=\/wp\/v2\/posts\/20630"}],"collection":[{"href":"https:\/\/obscom.intervozes.org.br\/index.php?rest_route=\/wp\/v2\/posts"}],"about":[{"href":"https:\/\/obscom.intervozes.org.br\/index.php?rest_route=\/wp\/v2\/types\/post"}],"author":[{"embeddable":true,"href":"https:\/\/obscom.intervozes.org.br\/index.php?rest_route=\/wp\/v2\/users\/1"}],"replies":[{"embeddable":true,"href":"https:\/\/obscom.intervozes.org.br\/index.php?rest_route=%2Fwp%2Fv2%2Fcomments&post=20630"}],"version-history":[{"count":0,"href":"https:\/\/obscom.intervozes.org.br\/index.php?rest_route=\/wp\/v2\/posts\/20630\/revisions"}],"wp:attachment":[{"href":"https:\/\/obscom.intervozes.org.br\/index.php?rest_route=%2Fwp%2Fv2%2Fmedia&parent=20630"}],"wp:term":[{"taxonomy":"category","embeddable":true,"href":"https:\/\/obscom.intervozes.org.br\/index.php?rest_route=%2Fwp%2Fv2%2Fcategories&post=20630"},{"taxonomy":"post_tag","embeddable":true,"href":"https:\/\/obscom.intervozes.org.br\/index.php?rest_route=%2Fwp%2Fv2%2Ftags&post=20630"}],"curies":[{"name":"wp","href":"https:\/\/api.w.org\/{rel}","templated":true}]}}