{"id":20626,"date":"2008-03-10T12:29:27","date_gmt":"2008-03-10T12:29:27","guid":{"rendered":"https:\/\/obscom.intervozes.org.br\/wordpress\/?p=20626"},"modified":"2008-03-10T12:29:27","modified_gmt":"2008-03-10T12:29:27","slug":"brasileiros-vao-ao-chile-promover-padrao-japones-de-tv-digital","status":"publish","type":"post","link":"https:\/\/obscom.intervozes.org.br\/?p=20626","title":{"rendered":"Brasileiros v\u00e3o ao Chile promover  padr\u00e3o japon\u00eas de TV digital"},"content":{"rendered":"<p>O ministro das Comunica&ccedil;&otilde;es, H&eacute;lio Costa, coordena uma comitiva de brasileiros e japoneses que estar&aacute; no Chile hoje (10) e amanh&atilde; (11) para apresentar o Sistema Brasileiro de Televis&atilde;o Digital (SBTVD). Integram tamb&eacute;m a comitiva o presidente da Comiss&atilde;o de Ci&ecirc;ncia e Tecnologia, Comunica&ccedil;&atilde;o e Inform&aacute;tica da C&acirc;mara, deputado Walter Pinheiro (PT-BA); os deputados Jorge Bittar (PT-RJ) e Julio Semeghini (PSDB-SP); o secret&aacute;rio de Telecomunica&ccedil;&otilde;es do Minist&eacute;rio das Comunica&ccedil;&otilde;es, Roberto Pinto Martins, o coordenador do F&oacute;rum do SBTVD, Roberto Franco, e o assessor especial da Casa Civil, Andr&eacute; Barbosa. <\/p>\n<p>Do lado japon&ecirc;s, a comitiva ser&aacute; liderada pelo vice-ministro das Comunica&ccedil;&otilde;es, Kyoshi Mori, que estar&aacute; acompanhado de executivos de v&aacute;rias ind&uacute;strias do setor.<\/p>\n<p>As informa&ccedil;&otilde;es s&atilde;o da Ag&ecirc;ncia Brasil.<\/p>\n","protected":false},"excerpt":{"rendered":"<p>O ministro das Comunica&ccedil;&otilde;es, H&eacute;lio Costa, coordena uma comitiva de brasileiros e japoneses que estar&aacute; no Chile hoje (10) e amanh&atilde; (11) para apresentar o Sistema Brasileiro de Televis&atilde;o Digital (SBTVD). Integram tamb&eacute;m a comitiva o presidente da Comiss&atilde;o de Ci&ecirc;ncia e Tecnologia, Comunica&ccedil;&atilde;o e Inform&aacute;tica da C&acirc;mara, deputado Walter Pinheiro (PT-BA); os deputados Jorge &hellip; <a href=\"https:\/\/obscom.intervozes.org.br\/?p=20626\" class=\"more-link\">Continue lendo <span class=\"screen-reader-text\">Brasileiros v\u00e3o ao Chile promover  padr\u00e3o japon\u00eas de TV digital<\/span> <span class=\"meta-nav\">&rarr;<\/span><\/a><\/p>\n","protected":false},"author":1,"featured_media":0,"comment_status":"open","ping_status":"open","sticky":false,"template":"","format":"standard","meta":{"footnotes":""},"categories":[39],"tags":[],"_links":{"self":[{"href":"https:\/\/obscom.intervozes.org.br\/index.php?rest_route=\/wp\/v2\/posts\/20626"}],"collection":[{"href":"https:\/\/obscom.intervozes.org.br\/index.php?rest_route=\/wp\/v2\/posts"}],"about":[{"href":"https:\/\/obscom.intervozes.org.br\/index.php?rest_route=\/wp\/v2\/types\/post"}],"author":[{"embeddable":true,"href":"https:\/\/obscom.intervozes.org.br\/index.php?rest_route=\/wp\/v2\/users\/1"}],"replies":[{"embeddable":true,"href":"https:\/\/obscom.intervozes.org.br\/index.php?rest_route=%2Fwp%2Fv2%2Fcomments&post=20626"}],"version-history":[{"count":0,"href":"https:\/\/obscom.intervozes.org.br\/index.php?rest_route=\/wp\/v2\/posts\/20626\/revisions"}],"wp:attachment":[{"href":"https:\/\/obscom.intervozes.org.br\/index.php?rest_route=%2Fwp%2Fv2%2Fmedia&parent=20626"}],"wp:term":[{"taxonomy":"category","embeddable":true,"href":"https:\/\/obscom.intervozes.org.br\/index.php?rest_route=%2Fwp%2Fv2%2Fcategories&post=20626"},{"taxonomy":"post_tag","embeddable":true,"href":"https:\/\/obscom.intervozes.org.br\/index.php?rest_route=%2Fwp%2Fv2%2Ftags&post=20626"}],"curies":[{"name":"wp","href":"https:\/\/api.w.org\/{rel}","templated":true}]}}