{"id":20625,"date":"2008-03-10T12:24:42","date_gmt":"2008-03-10T12:24:42","guid":{"rendered":"https:\/\/obscom.intervozes.org.br\/wordpress\/?p=20625"},"modified":"2008-03-10T12:24:42","modified_gmt":"2008-03-10T12:24:42","slug":"bucci-defende-vinculacao-da-tv-brasil-ao-ministerio-da-cultura","status":"publish","type":"post","link":"https:\/\/obscom.intervozes.org.br\/?p=20625","title":{"rendered":"Bucci defende vincula\u00e7\u00e3o da TV Brasil ao Minist\u00e9rio da Cultura"},"content":{"rendered":"<p>S&atilde;o Paulo &#8211; A grande discuss&atilde;o do debate &ldquo;Os desafios para a constru&ccedil;&atilde;o de um Sistema P&uacute;blico de Comunica&ccedil;&atilde;o&rdquo;, realizado nesta semana na Escola de Comunica&ccedil;&otilde;es e Artes da Universidade de S&atilde;o Paulo (USP), em S&atilde;o Paulo, foi a quest&atilde;o do Conselho Curador da TV P&uacute;blica, nomeado pelo presidente da Rep&uacute;blica. Outro ponto que gerou questionamento foi a vincula&ccedil;&atilde;o da Empresa Brasil de Comunica&ccedil;&atilde;o (EBC) &agrave; Secretaria de Comunica&ccedil;&atilde;o Social da Presid&ecirc;ncia da Rep&uacute;blica (Secom).<\/p>\n<p>Cr&iacute;tico desse modelo, o ex-presidente da Radiobr&aacute;s e membro do Conselho da TV Cultura, Eug&ecirc;nio Bucci, defendeu a vincula&ccedil;&atilde;o da TV p&uacute;blica ao Minist&eacute;rio da Cultura, onde seria mais aut&ocirc;noma e &ldquo;menos perme&aacute;vel &agrave;s press&otilde;es da agenda da Presid&ecirc;ncia da Rep&uacute;blica&rdquo;. Bucci tamb&eacute;m questionou a composi&ccedil;&atilde;o do Conselho Curador e do Conselho de Administra&ccedil;&atilde;o. <\/p>\n<p>&ldquo;O Conselho Curador da EBC &eacute; nomeado pelo Presidente da Rep&uacute;blica, mas futuramente ter&aacute; as regras da sua recomposi&ccedil;&atilde;o deliberadas por ele mesmo. O que &eacute; um avan&ccedil;o. Mas ele hoje n&atilde;o participa da escolha dos dirigentes. Isso &eacute; uma limita&ccedil;&atilde;o&rdquo;, disse Bucci.<\/p>\n<p>Durante o debate, Bucci afirmou que a nova empresa deveria ter mais autonomia pol&iacute;tica e editorial. &ldquo;A EBC &eacute; uma estatal, com Conselho de Administra&ccedil;&atilde;o indicado pelo governo, que concentra o poder exercido ali dentro. Os seus dirigentes s&atilde;o escolhidos ou por esse conselho de administra&ccedil;&atilde;o ou pelo Presidente da Rep&uacute;blica. Isso constitui n&atilde;o um passo atr&aacute;s, mas um d&eacute;ficit em rela&ccedil;&atilde;o ao que pode ser feito para garantir independ&ecirc;ncia&rdquo;.<\/p>\n<p>Para Tereza Cruvinel, presidente da EBC, n&atilde;o h&aacute; problema no fato de a empresa ser vinculada &agrave; Secretaria de Comunica&ccedil;&atilde;o Social. &ldquo;O poder se exerce sobretudo pela capacidade de demitir. O mandato de quatro anos, que me &eacute; conferido pelo presidente Lula atrav&eacute;s da medida provis&oacute;ria [que criou a EBC], n&atilde;o pode ser tirado por ele, mas somente pelo Conselho Curador&rdquo;. Segundo ela, o Conselho de Administra&ccedil;&atilde;o &ldquo;n&atilde;o tem a inger&ecirc;ncia sobre a natureza editorial e a programa&ccedil;&atilde;o, que tem o Conselho Editorial&rdquo;.&nbsp; <\/p>\n<p>Tereza Cruvinel afirmou que os esfor&ccedil;os da EBC est&atilde;o agora concentrados para que n&atilde;o haja no Senado mudan&ccedil;as no texto da Medida Provis&oacute;ria 398, que criou a empresa. &ldquo;Todo nosso esfor&ccedil;o &eacute; para n&atilde;o haver mudan&ccedil;as no Senado. Vamos encontrar outras formas de aperfei&ccedil;oamento, mas defender mudan&ccedil;as no Senado agora &eacute; defender a derrota da MP. Temos um prazo curt&iacute;ssimo e, se a medida provis&oacute;ria n&atilde;o for aprovada, em seguida ela ser&aacute; derrotada e perder&aacute; a validade por decurso de prazo&rdquo;.<\/p>\n<p>A MP 398, que cria a EBC, j&aacute; foi aprovada na C&acirc;mara e agora tramita no Senado. Para que a tramita&ccedil;&atilde;o da mat&eacute;ria tenha agilidade, ela n&atilde;o pode sofrer altera&ccedil;&atilde;o no Senado. Caso contr&aacute;rio, a MP ter&aacute; de voltar &agrave; C&acirc;mara para novas discuss&otilde;es.<\/p>\n<p>Tamb&eacute;m participaram da mesa de debate o diretor-executivo da EBC Orlando Senna, o professor da Escola de Comunica&ccedil;&otilde;es e Artes (USP) Laurindo Leal Filho e a membro do Grupo de Trabalho em Comunica&ccedil;&atilde;o da Associa&ccedil;&atilde;o Brasileira de Sa&uacute;de Coletiva Wilma Madeira. O evento foi promovido pela organiza&ccedil;&atilde;o n&atilde;o-governamental Intervozes &ndash; Coletivo Brasil de Comunica&ccedil;&atilde;o Social.<\/p>\n<p>A EBC resulta da uni&atilde;o do patrim&ocirc;nio e das equipes da Empresa Brasileira de Comunica&ccedil;&atilde;o (Radiobr&aacute;s) e da Associa&ccedil;&atilde;o de Comunica&ccedil;&atilde;o Educativa Roquette Pinto (Acerp), que coordenava a TVE do Rio.<\/p>\n","protected":false},"excerpt":{"rendered":"<p>S&atilde;o Paulo &#8211; A grande discuss&atilde;o do debate &ldquo;Os desafios para a constru&ccedil;&atilde;o de um Sistema P&uacute;blico de Comunica&ccedil;&atilde;o&rdquo;, realizado nesta semana na Escola de Comunica&ccedil;&otilde;es e Artes da Universidade de S&atilde;o Paulo (USP), em S&atilde;o Paulo, foi a quest&atilde;o do Conselho Curador da TV P&uacute;blica, nomeado pelo presidente da Rep&uacute;blica. Outro ponto que gerou &hellip; <a href=\"https:\/\/obscom.intervozes.org.br\/?p=20625\" class=\"more-link\">Continue lendo <span class=\"screen-reader-text\">Bucci defende vincula\u00e7\u00e3o da TV Brasil ao Minist\u00e9rio da Cultura<\/span> <span class=\"meta-nav\">&rarr;<\/span><\/a><\/p>\n","protected":false},"author":1,"featured_media":0,"comment_status":"open","ping_status":"open","sticky":false,"template":"","format":"standard","meta":{"footnotes":""},"categories":[40],"tags":[259],"_links":{"self":[{"href":"https:\/\/obscom.intervozes.org.br\/index.php?rest_route=\/wp\/v2\/posts\/20625"}],"collection":[{"href":"https:\/\/obscom.intervozes.org.br\/index.php?rest_route=\/wp\/v2\/posts"}],"about":[{"href":"https:\/\/obscom.intervozes.org.br\/index.php?rest_route=\/wp\/v2\/types\/post"}],"author":[{"embeddable":true,"href":"https:\/\/obscom.intervozes.org.br\/index.php?rest_route=\/wp\/v2\/users\/1"}],"replies":[{"embeddable":true,"href":"https:\/\/obscom.intervozes.org.br\/index.php?rest_route=%2Fwp%2Fv2%2Fcomments&post=20625"}],"version-history":[{"count":0,"href":"https:\/\/obscom.intervozes.org.br\/index.php?rest_route=\/wp\/v2\/posts\/20625\/revisions"}],"wp:attachment":[{"href":"https:\/\/obscom.intervozes.org.br\/index.php?rest_route=%2Fwp%2Fv2%2Fmedia&parent=20625"}],"wp:term":[{"taxonomy":"category","embeddable":true,"href":"https:\/\/obscom.intervozes.org.br\/index.php?rest_route=%2Fwp%2Fv2%2Fcategories&post=20625"},{"taxonomy":"post_tag","embeddable":true,"href":"https:\/\/obscom.intervozes.org.br\/index.php?rest_route=%2Fwp%2Fv2%2Ftags&post=20625"}],"curies":[{"name":"wp","href":"https:\/\/api.w.org\/{rel}","templated":true}]}}