{"id":20624,"date":"2008-03-10T12:22:22","date_gmt":"2008-03-10T12:22:22","guid":{"rendered":"https:\/\/obscom.intervozes.org.br\/wordpress\/?p=20624"},"modified":"2008-03-10T12:22:22","modified_gmt":"2008-03-10T12:22:22","slug":"presidente-da-ebc-questiona-oposicao-do-psdb-a-medida-provisoria","status":"publish","type":"post","link":"https:\/\/obscom.intervozes.org.br\/?p=20624","title":{"rendered":"Presidente da EBC questiona oposi\u00e7\u00e3o do PSDB a medida provis\u00f3ria"},"content":{"rendered":"<p>S&atilde;o Paulo &#8211; Em debate realizado na sexta-feira (7) na Universidade de S&atilde;o Paulo, a presidente da Empresa Brasil de Comunica&ccedil;&atilde;o (EBC), jornalista Tereza Cruvinel, lamentou que, entre os dois maiores partidos da oposi&ccedil;&atilde;o, o PSDB se oponha ao projeto de cria&ccedil;&atilde;o de uma empresa de comunica&ccedil;&atilde;o p&uacute;blica. Cruvinel expressou expectativa de que a Medida Provis&oacute;ria 398, que cria a EBC e est&aacute; em tr&acirc;mite no Senado, seja aprovada antes de expirar o prazo, no dia 19. <\/p>\n<p>Ao citar o Artigo 223 da Constitui&ccedil;&atilde;o, que determina a exist&ecirc;ncia e complementaridade de sistemas p&uacute;blicos, privados e estatais de comunica&ccedil;&atilde;o, Cruvinel disse ter &ldquo;dificuldade de perdoar&rdquo; o PSDB pela oposi&ccedil;&atilde;o que conduz no Senado contra a TV p&uacute;blica. Afirmou que &ldquo;foi sob a lideran&ccedil;a de M&aacute;rio Covas [ex-congressista e ex-governador de S&atilde;o Paulo, um dos fundadores do partido], ali no Audit&oacute;rio Nereu Ramos, na C&acirc;mara dos Deputados &ndash; l&aacute; est&aacute;vamos Cristina Tavares, Aud&aacute;lio Dantas e muitos outros militantes do campo da comunica&ccedil;&atilde;o &ndash;, foi ali que n&oacute;s aprovamos alguns dos marcos da comunica&ccedil;&atilde;o que est&atilde;o na Constitui&ccedil;&atilde;o Federal&rdquo;. <\/p>\n<p>Presente no debate, o deputado federal Ivan Valente (P-SOL-SP) lembrou que seu partido, apesar de oposi&ccedil;&atilde;o, votou favoravelmente na C&acirc;mara dos Deputados &agrave; cria&ccedil;&atilde;o do Sistema P&uacute;blico de Comunica&ccedil;&atilde;o e reafirmou que votar&aacute; tamb&eacute;m no Senado.<\/p>\n<p>&ldquo;Eu acho que o governo deveria ter feito isso desde o primeiro ano, em 2003&rdquo;, disse ele. O deputado lamentou que a MP 398 esteja amea&ccedil;ada no tr&acirc;mite no Senado e afirmou que o governo criou essa situa&ccedil;&atilde;o ao escolher o caminho de obter e manter a governabilidade por meio do apoio de partidos fisiol&oacute;gicos que negociam os projetos um a um e fazem &ldquo;chantagem pol&iacute;tica&rdquo;.<\/p>\n<p>Procurado pela Ag&ecirc;ncia Brasil, o l&iacute;der do PSDB, Arthur Virg&iacute;lio (AM), disse: &quot;Se as pessoas n&atilde;o mudassem nunca, o Lula teria feito um desastre econ&ocirc;mico no pa&iacute;s. Ela [Tereza Cruvinel] serve a um governo de uma pessoa que se diz uma metamorfose ambulante&rdquo;. O parlamentar se referia a fala do presidente Lula em dezembro. &ldquo;Ela n&atilde;o perdoa quem possa mudar tamb&eacute;m. N&atilde;o tenho nada contra a TV p&uacute;blica, tenho contra a TV Lula e tenho contra MP [forma de cria&ccedil;&atilde;o da TV], que n&atilde;o nos deixa debater a mat&eacute;ria convenientemente&rdquo;, acrescentou Virg&iacute;lio. Em seu dizer, seria poss&iacute;vel debater melhor a cria&ccedil;&atilde;o da empresa se a proposta estivesse em projeto de lei.<\/p>\n<p>A EBC resulta da uni&atilde;o do patrim&ocirc;nio e das equipes da Empresa Brasileira de Comunica&ccedil;&atilde;o (Radiobr&aacute;s) e da Associa&ccedil;&atilde;o de Comunica&ccedil;&atilde;o Educativa Roquette Pinto (Acerp), que coordenava a TVE do Rio. Segundo o texto da medida, ter&aacute; sede no Rio de Janeiro e escrit&oacute;rio central em Bras&iacute;lia.<\/p>\n<p>Tereza Cruvinel participou de debate no semin&aacute;rio A TV Brasil e os Desafios para a Constitui&ccedil;&atilde;o de um Sistema P&uacute;blico de Comunica&ccedil;&atilde;o, organizado pelo Intervozes &ndash; Coletivo Brasil de Comunica&ccedil;&atilde;o Social e realizado ao longo do dia na Escola de Comunica&ccedil;&atilde;o e Artes da Universidade de S&atilde;o Paulo (USP).<\/p>\n","protected":false},"excerpt":{"rendered":"<p>S&atilde;o Paulo &#8211; Em debate realizado na sexta-feira (7) na Universidade de S&atilde;o Paulo, a presidente da Empresa Brasil de Comunica&ccedil;&atilde;o (EBC), jornalista Tereza Cruvinel, lamentou que, entre os dois maiores partidos da oposi&ccedil;&atilde;o, o PSDB se oponha ao projeto de cria&ccedil;&atilde;o de uma empresa de comunica&ccedil;&atilde;o p&uacute;blica. Cruvinel expressou expectativa de que a Medida &hellip; <a href=\"https:\/\/obscom.intervozes.org.br\/?p=20624\" class=\"more-link\">Continue lendo <span class=\"screen-reader-text\">Presidente da EBC questiona oposi\u00e7\u00e3o do PSDB a medida provis\u00f3ria<\/span> <span class=\"meta-nav\">&rarr;<\/span><\/a><\/p>\n","protected":false},"author":1,"featured_media":0,"comment_status":"open","ping_status":"open","sticky":false,"template":"","format":"standard","meta":{"footnotes":""},"categories":[40],"tags":[259],"_links":{"self":[{"href":"https:\/\/obscom.intervozes.org.br\/index.php?rest_route=\/wp\/v2\/posts\/20624"}],"collection":[{"href":"https:\/\/obscom.intervozes.org.br\/index.php?rest_route=\/wp\/v2\/posts"}],"about":[{"href":"https:\/\/obscom.intervozes.org.br\/index.php?rest_route=\/wp\/v2\/types\/post"}],"author":[{"embeddable":true,"href":"https:\/\/obscom.intervozes.org.br\/index.php?rest_route=\/wp\/v2\/users\/1"}],"replies":[{"embeddable":true,"href":"https:\/\/obscom.intervozes.org.br\/index.php?rest_route=%2Fwp%2Fv2%2Fcomments&post=20624"}],"version-history":[{"count":0,"href":"https:\/\/obscom.intervozes.org.br\/index.php?rest_route=\/wp\/v2\/posts\/20624\/revisions"}],"wp:attachment":[{"href":"https:\/\/obscom.intervozes.org.br\/index.php?rest_route=%2Fwp%2Fv2%2Fmedia&parent=20624"}],"wp:term":[{"taxonomy":"category","embeddable":true,"href":"https:\/\/obscom.intervozes.org.br\/index.php?rest_route=%2Fwp%2Fv2%2Fcategories&post=20624"},{"taxonomy":"post_tag","embeddable":true,"href":"https:\/\/obscom.intervozes.org.br\/index.php?rest_route=%2Fwp%2Fv2%2Ftags&post=20624"}],"curies":[{"name":"wp","href":"https:\/\/api.w.org\/{rel}","templated":true}]}}