{"id":20623,"date":"2008-03-09T12:15:22","date_gmt":"2008-03-09T12:15:22","guid":{"rendered":"https:\/\/obscom.intervozes.org.br\/wordpress\/?p=20623"},"modified":"2008-03-09T12:15:22","modified_gmt":"2008-03-09T12:15:22","slug":"comissao-pro-conferencia-nacional-de-comunicacao-realiza-ato-publico-em-defesa-da-tv-brasi-no-senado","status":"publish","type":"post","link":"https:\/\/obscom.intervozes.org.br\/?p=20623","title":{"rendered":"Comiss\u00e3o Pr\u00f3-Confer\u00eancia Nacional de Comunica\u00e7\u00e3o realiza ato p\u00fablico em defesa da TV Brasi no Senado"},"content":{"rendered":"<p style=\"margin: 0cm 0cm 0pt\" class=\"MsoNormal\"><span>Ap&oacute;s participar de&nbsp;manifesta&ccedil;&atilde;o semelhante na C&acirc;mara dos Deputados,&nbsp;a<\/span><span>&nbsp;Comiss&atilde;o Pr&oacute;-Confer&ecirc;ncia Nacional de Comunica&ccedil;&atilde;o&nbsp;<\/span><span>promove ato no Senado Federal&nbsp;para apoiar&nbsp;a&nbsp;convers&atilde;o em lei da MP 398, que&nbsp; cria a Empresa Brasil de Comunica&ccedil;&atilde;o.&nbsp;<\/span><span><\/p>\n<p><\/span><span>Al&eacute;m de ratificar o apoio das organiza&ccedil;&otilde;es que comp&otilde;e a comiss&atilde;o &agrave; TV Brasil, as entidades ligadas &agrave; &aacute;rea de comunica&ccedil;&atilde;o, militantes e movimentos sociais engajados na causa da democratiza&ccedil;&atilde;o da comunica&ccedil;&atilde;o pretendem sensibilizar os parlamentares para a import&atilde;ncia da aprova&ccedil;&atilde;o da MP e&nbsp;denunciar as tentativas de adiamento da vota&ccedil;&atilde;o da MP 398 no Senado, fazendo-a perder a validade, protagonizadas especialmente por parlamentares comprometidos com interesses contr&aacute;rios ao fortalecimento dos interesses populares.<\/p>\n<p><span>A manifesta&ccedil;&atilde;o ser&aacute; realizada na pr&oacute;xima ter&ccedil;a-feira, dia 11, &agrave;s 15 horas, na sala da Comiss&atilde;o de Rela&ccedil;&otilde;es Exteriores do Senado Federal (Ala Senador Alexandre Costa, sala 7).<\/span><\/span><\/p>\n","protected":false},"excerpt":{"rendered":"<p>Ap&oacute;s participar de&nbsp;manifesta&ccedil;&atilde;o semelhante na C&acirc;mara dos Deputados,&nbsp;a&nbsp;Comiss&atilde;o Pr&oacute;-Confer&ecirc;ncia Nacional de Comunica&ccedil;&atilde;o&nbsp;promove ato no Senado Federal&nbsp;para apoiar&nbsp;a&nbsp;convers&atilde;o em lei da MP 398, que&nbsp; cria a Empresa Brasil de Comunica&ccedil;&atilde;o.&nbsp; Al&eacute;m de ratificar o apoio das organiza&ccedil;&otilde;es que comp&otilde;e a comiss&atilde;o &agrave; TV Brasil, as entidades ligadas &agrave; &aacute;rea de comunica&ccedil;&atilde;o, militantes e movimentos sociais engajados &hellip; <a href=\"https:\/\/obscom.intervozes.org.br\/?p=20623\" class=\"more-link\">Continue lendo <span class=\"screen-reader-text\">Comiss\u00e3o Pr\u00f3-Confer\u00eancia Nacional de Comunica\u00e7\u00e3o realiza ato p\u00fablico em defesa da TV Brasi no Senado<\/span> <span class=\"meta-nav\">&rarr;<\/span><\/a><\/p>\n","protected":false},"author":1,"featured_media":0,"comment_status":"open","ping_status":"open","sticky":false,"template":"","format":"standard","meta":{"footnotes":""},"categories":[39],"tags":[],"_links":{"self":[{"href":"https:\/\/obscom.intervozes.org.br\/index.php?rest_route=\/wp\/v2\/posts\/20623"}],"collection":[{"href":"https:\/\/obscom.intervozes.org.br\/index.php?rest_route=\/wp\/v2\/posts"}],"about":[{"href":"https:\/\/obscom.intervozes.org.br\/index.php?rest_route=\/wp\/v2\/types\/post"}],"author":[{"embeddable":true,"href":"https:\/\/obscom.intervozes.org.br\/index.php?rest_route=\/wp\/v2\/users\/1"}],"replies":[{"embeddable":true,"href":"https:\/\/obscom.intervozes.org.br\/index.php?rest_route=%2Fwp%2Fv2%2Fcomments&post=20623"}],"version-history":[{"count":0,"href":"https:\/\/obscom.intervozes.org.br\/index.php?rest_route=\/wp\/v2\/posts\/20623\/revisions"}],"wp:attachment":[{"href":"https:\/\/obscom.intervozes.org.br\/index.php?rest_route=%2Fwp%2Fv2%2Fmedia&parent=20623"}],"wp:term":[{"taxonomy":"category","embeddable":true,"href":"https:\/\/obscom.intervozes.org.br\/index.php?rest_route=%2Fwp%2Fv2%2Fcategories&post=20623"},{"taxonomy":"post_tag","embeddable":true,"href":"https:\/\/obscom.intervozes.org.br\/index.php?rest_route=%2Fwp%2Fv2%2Ftags&post=20623"}],"curies":[{"name":"wp","href":"https:\/\/api.w.org\/{rel}","templated":true}]}}