{"id":20621,"date":"2008-03-06T19:32:37","date_gmt":"2008-03-06T19:32:37","guid":{"rendered":"https:\/\/obscom.intervozes.org.br\/wordpress\/?p=20621"},"modified":"2008-03-06T19:32:37","modified_gmt":"2008-03-06T19:32:37","slug":"movimento-busca-interferir-na-definicao-das-politicas-do-setor","status":"publish","type":"post","link":"https:\/\/obscom.intervozes.org.br\/?p=20621","title":{"rendered":"Movimento busca interferir na defini\u00e7\u00e3o das pol\u00edticas do setor"},"content":{"rendered":"<p class=\"MsoNormal\"><span>N&atilde;o se muda a forma como a m&iacute;dia representa a mulher sem mudar a pr&oacute;pria m&iacute;dia. &Eacute; este o esp&iacute;rito que vem pautando a participa&ccedil;&atilde;o do movimento de mulheres na disputa pela democratiza&ccedil;&atilde;o da comunica&ccedil;&atilde;o e que deve se manifestar tamb&eacute;m nos diversos atos pelo Brasil que marcar&atilde;o o 8 de mar&ccedil;o, Dia Internacional da Mulher.<\/p>\n<p>Se, em 2007, a &ecirc;nfase estava na consolida&ccedil;&atilde;o do tema como pauta do movimento, em 2008, as organiza&ccedil;&otilde;es est&atilde;o partindo para a a&ccedil;&atilde;o. Um dos focos de aten&ccedil;&atilde;o das organiza&ccedil;&otilde;es &eacute; o desenho de pol&iacute;ticas p&uacute;blicas que articulem a quest&atilde;o da m&iacute;dia e os direitos da mulher. Em especial, os movimentos querem intervir na formula&ccedil;&atilde;o e participar das a&ccedil;&otilde;es do novo eixo do Plano Nacional de Pol&iacute;ticas para Mulheres, &ldquo;Cultura, comunica&ccedil;&atilde;o e m&iacute;dia n&atilde;o-discriminat&oacute;rias&rdquo;.<\/p>\n<p>Aprovado pela Confer&ecirc;ncia Nacional de Mulheres no ano passado, o desenvolvimento do eixo &eacute; a pauta estrutural de uma reuni&atilde;o entre a ministra Nilc&eacute;a Freire, da Secretaria Especial de Pol&iacute;ticas para Mulheres, e representantes da Articula&ccedil;&atilde;o Mulher e M&iacute;dia, na pr&oacute;xima semana. Entre as propostas, a realiza&ccedil;&atilde;o de um semin&aacute;rio nacional voltado para o controle social da imagem da mulher na m&iacute;dia e tamb&eacute;m programas de forma&ccedil;&atilde;o para a realiza&ccedil;&atilde;o do acompanhamento do conte&uacute;do midi&aacute;tico.<\/p>\n<p>&ldquo;Promover o acompanhamento de conte&uacute;do sistem&aacute;tico &eacute; uma faceta do que pretendemos. A outra &eacute; fazer com que este acompanhamento seja somado a a&ccedil;&otilde;es de controle social efetivo&rdquo;, explica Raquel Moreno, do Observat&oacute;rio da Mulher, uma das organiza&ccedil;&otilde;es que participa da Articula&ccedil;&atilde;o. Neste sentido, as mulheres t&ecirc;m buscado dialogar com a Comiss&atilde;o de Ci&ecirc;ncia e Tecnologia, Comunica&ccedil;&atilde;o e Inform&aacute;tica da C&acirc;mara dos Deputados visando garantir que a avalia&ccedil;&atilde;o dos movimentos sociais passe a fazer parte dos crit&eacute;rios para a renova&ccedil;&atilde;o das concess&otilde;es de r&aacute;dio e televis&atilde;o.<\/p>\n<p>A interven&ccedil;&atilde;o na disputa por transpar&ecirc;ncia e crit&eacute;rios nos processos envolvendo concess&otilde;es p&uacute;blicas de radiodifus&atilde;o &eacute;, para Marta Bai&atilde;o, do Centro de Informa&ccedil;&atilde;o Mulher, um sinal de como o movimento de mulheres pretende ampliar seu olhar sobre o tema da democratiza&ccedil;&atilde;o da m&iacute;dia. &ldquo;Entendemos que o papel de uma concess&atilde;o p&uacute;blica &eacute; transformar positivamente a sociedade, mas as concession&aacute;rias de TV fazem o contr&aacute;rio: refor&ccedil;am o tempo todo as rela&ccedil;&otilde;es desiguais, em todos os n&iacute;veis&rdquo;, comenta. &ldquo;O controle social da imagem da mulher &eacute; s&oacute; o come&ccedil;o, porque para n&oacute;s &eacute; preciso olhar para a quest&atilde;o do negro, da homofobia, de todas as minorias e v&iacute;timas da desigualdade.&rdquo; <\/p>\n<p><strong>Estrat&eacute;gia dupla<\/strong><\/p>\n<p>Al&eacute;m da formula&ccedil;&atilde;o das pol&iacute;ticas p&uacute;blicas, est&atilde;o nos planos tamb&eacute;m a&ccedil;&otilde;es mais imediatas. Na perspectiva do controle social, Marta ressalta que um dos objetivos &eacute; multiplicar as a&ccedil;&otilde;es junto ao Minist&eacute;rio P&uacute;blico, questionando o conte&uacute;do da m&iacute;dia e o uso de concess&otilde;es p&uacute;blicas. &ldquo;As a&ccedil;&otilde;es no MP s&atilde;o a nossa arma e n&oacute;s precisamos continuar fazendo isso&rdquo;, diz.<\/p>\n<p>Raquel ressalta que &eacute; preciso n&atilde;o s&oacute; &ldquo;assistir e avaliar&rdquo; a atua&ccedil;&atilde;o da m&iacute;dia, mas tamb&eacute;m interferir produtivamente. &ldquo;Apresentamos uma proposta para a diretoria da Empresa Brasil de Comunica&ccedil;&atilde;o, de um programa para mulheres que possa trazer outra perspectiva sobre o feminino. A id&eacute;ia &eacute; que o programa seja veiculado no hor&aacute;rio da manh&atilde;, justamente quando a grande das TVs comerciais est&aacute; lotada de programa&ccedil;&atilde;o supostamente feminina. &ldquo;Queremos que seja um programa para dizer que existe outra maneira de mulher olhar o mundo e de ser visto por ele&rdquo;, conta.<\/span><\/p>\n","protected":false},"excerpt":{"rendered":"<p>Estrat\u00e9gia das organiza\u00e7\u00f5es feministas inclui formula\u00e7\u00e3o de pol\u00edticas p\u00fablicas de comunica\u00e7\u00e3o, a\u00e7\u00f5es de controle social da m\u00eddia e presen\u00e7a na programa\u00e7\u00e3o da nova televis\u00e3o p\u00fablica brasileira, a TV Brasil. <\/p>\n","protected":false},"author":1,"featured_media":0,"comment_status":"open","ping_status":"open","sticky":false,"template":"","format":"standard","meta":{"footnotes":""},"categories":[40],"tags":[667],"_links":{"self":[{"href":"https:\/\/obscom.intervozes.org.br\/index.php?rest_route=\/wp\/v2\/posts\/20621"}],"collection":[{"href":"https:\/\/obscom.intervozes.org.br\/index.php?rest_route=\/wp\/v2\/posts"}],"about":[{"href":"https:\/\/obscom.intervozes.org.br\/index.php?rest_route=\/wp\/v2\/types\/post"}],"author":[{"embeddable":true,"href":"https:\/\/obscom.intervozes.org.br\/index.php?rest_route=\/wp\/v2\/users\/1"}],"replies":[{"embeddable":true,"href":"https:\/\/obscom.intervozes.org.br\/index.php?rest_route=%2Fwp%2Fv2%2Fcomments&post=20621"}],"version-history":[{"count":0,"href":"https:\/\/obscom.intervozes.org.br\/index.php?rest_route=\/wp\/v2\/posts\/20621\/revisions"}],"wp:attachment":[{"href":"https:\/\/obscom.intervozes.org.br\/index.php?rest_route=%2Fwp%2Fv2%2Fmedia&parent=20621"}],"wp:term":[{"taxonomy":"category","embeddable":true,"href":"https:\/\/obscom.intervozes.org.br\/index.php?rest_route=%2Fwp%2Fv2%2Fcategories&post=20621"},{"taxonomy":"post_tag","embeddable":true,"href":"https:\/\/obscom.intervozes.org.br\/index.php?rest_route=%2Fwp%2Fv2%2Ftags&post=20621"}],"curies":[{"name":"wp","href":"https:\/\/api.w.org\/{rel}","templated":true}]}}