{"id":20619,"date":"2008-03-06T16:45:08","date_gmt":"2008-03-06T16:45:08","guid":{"rendered":"https:\/\/obscom.intervozes.org.br\/wordpress\/?p=20619"},"modified":"2008-03-06T16:45:08","modified_gmt":"2008-03-06T16:45:08","slug":"anatel-abre-consulta-sobre-avaliacao-de-eficiencia-no-uso-do-espectro","status":"publish","type":"post","link":"https:\/\/obscom.intervozes.org.br\/?p=20619","title":{"rendered":"Anatel abre consulta sobre avalia\u00e7\u00e3o de efici\u00eancia no uso do espectro"},"content":{"rendered":"\n<p class=\"MsoNormal\"><strong><span style=\"font-size: 10pt; font-family: Tahoma; font-weight: normal\">A Ag&ecirc;ncia Nacional de Telecomunica&ccedil;&otilde;es come&ccedil;a a receber a partir de amanh&atilde; sugest&otilde;es para a formula&ccedil;&atilde;o do Regulamento para a Avalia&ccedil;&atilde;o da Efici&ecirc;ncia do Uso do Espectro de Radiofreq&uuml;&ecirc;ncias. A consulta p&uacute;blica fica aberta &agrave; participa&ccedil;&atilde;o at&eacute; 14 de abril.<\/p>\n<p>O regulamento prev&ecirc; a aplica&ccedil;&atilde;o de dois &iacute;ndices: o &Iacute;ndice M&iacute;nimo de Efici&ecirc;ncia (IME) e o &Iacute;ndice Temporal de Efici&ecirc;ncia (ITE). Ambos medir&atilde;o a propor&ccedil;&atilde;o entre informa&ccedil;&atilde;o transmitida e faixa de freq&uuml;&ecirc;ncia utilizada.<\/p>\n<p>Pela proposta da Anatel, as empresas de servi&ccedil;os de telecomunica&ccedil;&otilde;es (telefonia e multim&iacute;dia) dever&atilde;o apresentar seus resultados mensais a cada tr&ecirc;s meses. As concession&aacute;rias de radiodifus&atilde;o dever&atilde;o apresent&aacute;-los sempre que solicitadas pela ag&ecirc;ncia.<\/p>\n<p>Com informa&ccedil;&otilde;es da Assessoria da Anatel<\/span><\/strong><\/p>\n","protected":false},"excerpt":{"rendered":"<p>A Ag&ecirc;ncia Nacional de Telecomunica&ccedil;&otilde;es come&ccedil;a a receber a partir de amanh&atilde; sugest&otilde;es para a formula&ccedil;&atilde;o do Regulamento para a Avalia&ccedil;&atilde;o da Efici&ecirc;ncia do Uso do Espectro de Radiofreq&uuml;&ecirc;ncias. A consulta p&uacute;blica fica aberta &agrave; participa&ccedil;&atilde;o at&eacute; 14 de abril. O regulamento prev&ecirc; a aplica&ccedil;&atilde;o de dois &iacute;ndices: o &Iacute;ndice M&iacute;nimo de Efici&ecirc;ncia (IME) e &hellip; <a href=\"https:\/\/obscom.intervozes.org.br\/?p=20619\" class=\"more-link\">Continue lendo <span class=\"screen-reader-text\">Anatel abre consulta sobre avalia\u00e7\u00e3o de efici\u00eancia no uso do espectro<\/span> <span class=\"meta-nav\">&rarr;<\/span><\/a><\/p>\n","protected":false},"author":1,"featured_media":0,"comment_status":"open","ping_status":"open","sticky":false,"template":"","format":"standard","meta":{"footnotes":""},"categories":[39],"tags":[],"_links":{"self":[{"href":"https:\/\/obscom.intervozes.org.br\/index.php?rest_route=\/wp\/v2\/posts\/20619"}],"collection":[{"href":"https:\/\/obscom.intervozes.org.br\/index.php?rest_route=\/wp\/v2\/posts"}],"about":[{"href":"https:\/\/obscom.intervozes.org.br\/index.php?rest_route=\/wp\/v2\/types\/post"}],"author":[{"embeddable":true,"href":"https:\/\/obscom.intervozes.org.br\/index.php?rest_route=\/wp\/v2\/users\/1"}],"replies":[{"embeddable":true,"href":"https:\/\/obscom.intervozes.org.br\/index.php?rest_route=%2Fwp%2Fv2%2Fcomments&post=20619"}],"version-history":[{"count":0,"href":"https:\/\/obscom.intervozes.org.br\/index.php?rest_route=\/wp\/v2\/posts\/20619\/revisions"}],"wp:attachment":[{"href":"https:\/\/obscom.intervozes.org.br\/index.php?rest_route=%2Fwp%2Fv2%2Fmedia&parent=20619"}],"wp:term":[{"taxonomy":"category","embeddable":true,"href":"https:\/\/obscom.intervozes.org.br\/index.php?rest_route=%2Fwp%2Fv2%2Fcategories&post=20619"},{"taxonomy":"post_tag","embeddable":true,"href":"https:\/\/obscom.intervozes.org.br\/index.php?rest_route=%2Fwp%2Fv2%2Ftags&post=20619"}],"curies":[{"name":"wp","href":"https:\/\/api.w.org\/{rel}","templated":true}]}}