{"id":20606,"date":"2008-03-05T11:44:52","date_gmt":"2008-03-05T11:44:52","guid":{"rendered":"https:\/\/obscom.intervozes.org.br\/wordpress\/?p=20606"},"modified":"2008-03-05T11:44:52","modified_gmt":"2008-03-05T11:44:52","slug":"associacao-brasileira-de-produtores-independentes-de-televisao-elege-nova-diretoria","status":"publish","type":"post","link":"https:\/\/obscom.intervozes.org.br\/?p=20606","title":{"rendered":"Associa\u00e7\u00e3o Brasileira de Produtores Independentes de Televis\u00e3o elege nova diretoria"},"content":{"rendered":"<p><strong>Da TELA VIVA News:<\/strong><\/p>\n<p>A Associa&ccedil;&atilde;o Brasileira de Produtores Independentes de Televis&atilde;o (ABPITV) elegeu a nova diretoria para os conselhos federal e fiscal, para mandato de dois anos. Fernando Dias foi reeleito presidente do conselho federal, tendo Leonardo Dourado como vice-presidente e Adriano Civita como secret&aacute;rio geral. Marco Altberg, Francisco Mistrorigo, Lu&iacute;s Ant&ocirc;nio Silveira, Maur&iacute;cio Delman Lains, Roberto D&#39;&Aacute;vila e Ricardo Rangel formam o corpo de conselheiros. Andr&eacute; Breitman, Rodrigo Letier e David Roth representam o conselho fiscal.<\/p>\n<p>A proposta &eacute;, segundo a associa&ccedil;&atilde;o, estreitar a rela&ccedil;&atilde;o com &oacute;rg&atilde;os federais, estaduais, municipais e privados, al&eacute;m de ampliar os acordos internacionais j&aacute; existentes e desenvolver novos. O grupo tamb&eacute;m pretende elaborar uma pol&iacute;tica de fomento com novos parceiros, conquistar espa&ccedil;o maior dentro das emissoras e canais de televis&atilde;o, buscar oportunidades de neg&oacute;cios para produtores independentes, no Brasil e no exterior, e estimular a participa&ccedil;&atilde;o dos associados em concursos e editais. <\/p>\n","protected":false},"excerpt":{"rendered":"<p>Da TELA VIVA News: A Associa&ccedil;&atilde;o Brasileira de Produtores Independentes de Televis&atilde;o (ABPITV) elegeu a nova diretoria para os conselhos federal e fiscal, para mandato de dois anos. Fernando Dias foi reeleito presidente do conselho federal, tendo Leonardo Dourado como vice-presidente e Adriano Civita como secret&aacute;rio geral. Marco Altberg, Francisco Mistrorigo, Lu&iacute;s Ant&ocirc;nio Silveira, Maur&iacute;cio &hellip; <a href=\"https:\/\/obscom.intervozes.org.br\/?p=20606\" class=\"more-link\">Continue lendo <span class=\"screen-reader-text\">Associa\u00e7\u00e3o Brasileira de Produtores Independentes de Televis\u00e3o elege nova diretoria<\/span> <span class=\"meta-nav\">&rarr;<\/span><\/a><\/p>\n","protected":false},"author":1,"featured_media":0,"comment_status":"open","ping_status":"open","sticky":false,"template":"","format":"standard","meta":{"footnotes":""},"categories":[39],"tags":[],"_links":{"self":[{"href":"https:\/\/obscom.intervozes.org.br\/index.php?rest_route=\/wp\/v2\/posts\/20606"}],"collection":[{"href":"https:\/\/obscom.intervozes.org.br\/index.php?rest_route=\/wp\/v2\/posts"}],"about":[{"href":"https:\/\/obscom.intervozes.org.br\/index.php?rest_route=\/wp\/v2\/types\/post"}],"author":[{"embeddable":true,"href":"https:\/\/obscom.intervozes.org.br\/index.php?rest_route=\/wp\/v2\/users\/1"}],"replies":[{"embeddable":true,"href":"https:\/\/obscom.intervozes.org.br\/index.php?rest_route=%2Fwp%2Fv2%2Fcomments&post=20606"}],"version-history":[{"count":0,"href":"https:\/\/obscom.intervozes.org.br\/index.php?rest_route=\/wp\/v2\/posts\/20606\/revisions"}],"wp:attachment":[{"href":"https:\/\/obscom.intervozes.org.br\/index.php?rest_route=%2Fwp%2Fv2%2Fmedia&parent=20606"}],"wp:term":[{"taxonomy":"category","embeddable":true,"href":"https:\/\/obscom.intervozes.org.br\/index.php?rest_route=%2Fwp%2Fv2%2Fcategories&post=20606"},{"taxonomy":"post_tag","embeddable":true,"href":"https:\/\/obscom.intervozes.org.br\/index.php?rest_route=%2Fwp%2Fv2%2Ftags&post=20606"}],"curies":[{"name":"wp","href":"https:\/\/api.w.org\/{rel}","templated":true}]}}