{"id":20603,"date":"2008-03-04T20:19:33","date_gmt":"2008-03-04T20:19:33","guid":{"rendered":"https:\/\/obscom.intervozes.org.br\/wordpress\/?p=20603"},"modified":"2008-03-04T20:19:33","modified_gmt":"2008-03-04T20:19:33","slug":"radiodifusores-reforcam-presenca-na-comissao-de-ciencia-e-tecnologia-da-camara","status":"publish","type":"post","link":"https:\/\/obscom.intervozes.org.br\/?p=20603","title":{"rendered":"Radiodifusores refor\u00e7am presen\u00e7a na Comiss\u00e3o de Ci\u00eancia e Tecnologia da C\u00e2mara"},"content":{"rendered":"<p><span><\/span><span><strong>Por&nbsp;Miriam&nbsp;Aquino, da TeleS&iacute;ntese<\/p>\n<p><\/strong><\/span><span>A comiss&atilde;o de Ci&ecirc;ncia e Tecnologia da C&acirc;mara dos Deputados, que referendou hoje, por unanimidade de 33 votantes presentes, a indica&ccedil;&atilde;o do deputado Walter Pinheiro (PT\/BA) para a presid&ecirc;ncia, e contar&aacute;, este ano, com representantes de maior peso pol&iacute;tico na defesa dos interesses da radiodifus&atilde;o. Para os radiodifusores, a composi&ccedil;&atilde;o da comiss&atilde;o, no ano passado, estava muito &ldquo;pr&oacute;-teles&rdquo;, e agora, eles esperam ter balanceado melhor a sua representatividade.<\/p>\n<p><\/span><span>Al&eacute;m de radialistas e propriet&aacute;rios de emissoras de r&aacute;dio e TV &ndash; como os deputados Sandes J&uacute;nio, Wladimir Costa, Zequinha Marinho e Rebecca Garcia &ndash; presentes desde o in&iacute;cio desta legislatura, a comiss&atilde;o ir&aacute; contar com a presen&ccedil;a do l&iacute;der do Democratas, o deputado Antonio Carlos Magalh&atilde;es Neto (BA). E o deputado Jader Barbalho (PMDB\/PA) mant&eacute;m-se como titular.&nbsp;&nbsp; <\/p>\n<p><\/span><span>A r&aacute;dio comunit&aacute;ria tamb&eacute;m refor&ccedil;ou a sua posi&ccedil;&atilde;o, sendo representada pela deputada Iriny Lopes (PT\/ES), que se destaca pela defesa dos direitos humanos, e Maria do Carmos Lara (PT\/MG).<\/p>\n<p><\/span><span>Deputados de destaque da comiss&atilde;o ou em seu partido tamb&eacute;m continuar&atilde;o presentes. Entre eles, Bilac Pinto (MG), Jorge Bittar (RJ), Gustavo Fruet (PR), Julio Semeghini (SP), Luiza Erundina (SP), Miro Teixeira (RJ), Paulo Bornhausen (SC) e Emanuel Fernandes (SP). <font size=\"3\"><\/font><\/span><\/p>\n","protected":false},"excerpt":{"rendered":"<p>Por&nbsp;Miriam&nbsp;Aquino, da TeleS&iacute;ntese A comiss&atilde;o de Ci&ecirc;ncia e Tecnologia da C&acirc;mara dos Deputados, que referendou hoje, por unanimidade de 33 votantes presentes, a indica&ccedil;&atilde;o do deputado Walter Pinheiro (PT\/BA) para a presid&ecirc;ncia, e contar&aacute;, este ano, com representantes de maior peso pol&iacute;tico na defesa dos interesses da radiodifus&atilde;o. Para os radiodifusores, a composi&ccedil;&atilde;o da comiss&atilde;o, &hellip; <a href=\"https:\/\/obscom.intervozes.org.br\/?p=20603\" class=\"more-link\">Continue lendo <span class=\"screen-reader-text\">Radiodifusores refor\u00e7am presen\u00e7a na Comiss\u00e3o de Ci\u00eancia e Tecnologia da C\u00e2mara<\/span> <span class=\"meta-nav\">&rarr;<\/span><\/a><\/p>\n","protected":false},"author":1,"featured_media":0,"comment_status":"open","ping_status":"open","sticky":false,"template":"","format":"standard","meta":{"footnotes":""},"categories":[39],"tags":[],"_links":{"self":[{"href":"https:\/\/obscom.intervozes.org.br\/index.php?rest_route=\/wp\/v2\/posts\/20603"}],"collection":[{"href":"https:\/\/obscom.intervozes.org.br\/index.php?rest_route=\/wp\/v2\/posts"}],"about":[{"href":"https:\/\/obscom.intervozes.org.br\/index.php?rest_route=\/wp\/v2\/types\/post"}],"author":[{"embeddable":true,"href":"https:\/\/obscom.intervozes.org.br\/index.php?rest_route=\/wp\/v2\/users\/1"}],"replies":[{"embeddable":true,"href":"https:\/\/obscom.intervozes.org.br\/index.php?rest_route=%2Fwp%2Fv2%2Fcomments&post=20603"}],"version-history":[{"count":0,"href":"https:\/\/obscom.intervozes.org.br\/index.php?rest_route=\/wp\/v2\/posts\/20603\/revisions"}],"wp:attachment":[{"href":"https:\/\/obscom.intervozes.org.br\/index.php?rest_route=%2Fwp%2Fv2%2Fmedia&parent=20603"}],"wp:term":[{"taxonomy":"category","embeddable":true,"href":"https:\/\/obscom.intervozes.org.br\/index.php?rest_route=%2Fwp%2Fv2%2Fcategories&post=20603"},{"taxonomy":"post_tag","embeddable":true,"href":"https:\/\/obscom.intervozes.org.br\/index.php?rest_route=%2Fwp%2Fv2%2Ftags&post=20603"}],"curies":[{"name":"wp","href":"https:\/\/api.w.org\/{rel}","templated":true}]}}