{"id":20602,"date":"2008-03-04T17:33:40","date_gmt":"2008-03-04T17:33:40","guid":{"rendered":"https:\/\/obscom.intervozes.org.br\/wordpress\/?p=20602"},"modified":"2008-03-04T17:33:40","modified_gmt":"2008-03-04T17:33:40","slug":"helio-costa-diz-apoiar-realizacao-da-conferencia-nacional-de-comunicacao","status":"publish","type":"post","link":"https:\/\/obscom.intervozes.org.br\/?p=20602","title":{"rendered":"H\u00e9lio Costa diz apoiar realiza\u00e7\u00e3o da Confer\u00eancia Nacional de Comunica\u00e7\u00e3o"},"content":{"rendered":"<p>Em encontro realizado no &uacute;ltimo dia 26 de fevereiro com representantes da Federa&ccedil;&atilde;o Nacional dos Jornalistas (Fenaj), do F&oacute;rum Nacional pela Democratiza&ccedil;&atilde;o da Comunica&ccedil;&atilde;o (FNDC), da Associa&ccedil;&atilde;o Brasileira das Emissoras de R&aacute;dio e Televis&atilde;o (Abert) e da Associa&ccedil;&atilde;o Nacional dos Jornais (ANJ), o ministro das Comunica&ccedil;&otilde;es, H&eacute;lio Costa, disse a apoiar a realiza&ccedil;&atilde;o da Confer&ecirc;ncia Nacional de Comunica&ccedil;&atilde;o. <\/p>\n<p>Segundo o presidente da Fenaj, S&eacute;rgio Murillo de Andrade, &ldquo;a audi&ecirc;ncia foi importante tamb&eacute;m porque foi o primeiro momento onde as entidades empresariais manifestaram apoio a esta proposta&rdquo;.<\/p>\n<p>N&atilde;o &eacute; a primeira vez que H&eacute;lio Costa diz apoiar a iniciativa, mas at&eacute; hoje o Minist&eacute;rio das Comuinca&ccedil;&otilde;es n&atilde;o deu demonstra&ccedil;&otilde;es objetivas de que pretende realiz&aacute;-la.<\/p>\n<p>* Da reda&ccedil;&atilde;o, com informa&ccedil;&otilde;es da Fenaj<\/p>\n","protected":false},"excerpt":{"rendered":"<p>Em encontro realizado no &uacute;ltimo dia 26 de fevereiro com representantes da Federa&ccedil;&atilde;o Nacional dos Jornalistas (Fenaj), do F&oacute;rum Nacional pela Democratiza&ccedil;&atilde;o da Comunica&ccedil;&atilde;o (FNDC), da Associa&ccedil;&atilde;o Brasileira das Emissoras de R&aacute;dio e Televis&atilde;o (Abert) e da Associa&ccedil;&atilde;o Nacional dos Jornais (ANJ), o ministro das Comunica&ccedil;&otilde;es, H&eacute;lio Costa, disse a apoiar a realiza&ccedil;&atilde;o da Confer&ecirc;ncia &hellip; <a href=\"https:\/\/obscom.intervozes.org.br\/?p=20602\" class=\"more-link\">Continue lendo <span class=\"screen-reader-text\">H\u00e9lio Costa diz apoiar realiza\u00e7\u00e3o da Confer\u00eancia Nacional de Comunica\u00e7\u00e3o<\/span> <span class=\"meta-nav\">&rarr;<\/span><\/a><\/p>\n","protected":false},"author":1,"featured_media":0,"comment_status":"open","ping_status":"open","sticky":false,"template":"","format":"standard","meta":{"footnotes":""},"categories":[39],"tags":[],"_links":{"self":[{"href":"https:\/\/obscom.intervozes.org.br\/index.php?rest_route=\/wp\/v2\/posts\/20602"}],"collection":[{"href":"https:\/\/obscom.intervozes.org.br\/index.php?rest_route=\/wp\/v2\/posts"}],"about":[{"href":"https:\/\/obscom.intervozes.org.br\/index.php?rest_route=\/wp\/v2\/types\/post"}],"author":[{"embeddable":true,"href":"https:\/\/obscom.intervozes.org.br\/index.php?rest_route=\/wp\/v2\/users\/1"}],"replies":[{"embeddable":true,"href":"https:\/\/obscom.intervozes.org.br\/index.php?rest_route=%2Fwp%2Fv2%2Fcomments&post=20602"}],"version-history":[{"count":0,"href":"https:\/\/obscom.intervozes.org.br\/index.php?rest_route=\/wp\/v2\/posts\/20602\/revisions"}],"wp:attachment":[{"href":"https:\/\/obscom.intervozes.org.br\/index.php?rest_route=%2Fwp%2Fv2%2Fmedia&parent=20602"}],"wp:term":[{"taxonomy":"category","embeddable":true,"href":"https:\/\/obscom.intervozes.org.br\/index.php?rest_route=%2Fwp%2Fv2%2Fcategories&post=20602"},{"taxonomy":"post_tag","embeddable":true,"href":"https:\/\/obscom.intervozes.org.br\/index.php?rest_route=%2Fwp%2Fv2%2Ftags&post=20602"}],"curies":[{"name":"wp","href":"https:\/\/api.w.org\/{rel}","templated":true}]}}