{"id":20601,"date":"2008-03-04T17:26:35","date_gmt":"2008-03-04T17:26:35","guid":{"rendered":"https:\/\/obscom.intervozes.org.br\/wordpress\/?p=20601"},"modified":"2008-03-04T17:26:35","modified_gmt":"2008-03-04T17:26:35","slug":"walter-pinheiro-presidira-comissao-de-ciencia-e-tecnologia-comunicacao-e-informatica","status":"publish","type":"post","link":"https:\/\/obscom.intervozes.org.br\/?p=20601","title":{"rendered":"Walter Pinheiro presidir\u00e1 Comiss\u00e3o de Ci\u00eancia e Tecnologia, Comunica\u00e7\u00e3o e Inform\u00e1tica"},"content":{"rendered":"<p>O deputado Walter Pinheiro foi confirmado como novo presidente da Comiss&atilde;o de Ci&ecirc;ncia e Tecnologia, Comunica&ccedil;&atilde;o e Inform&aacute;tica da C&acirc;mara dos Deputados (CCTCI). A decis&atilde;o foi tomada em reuni&atilde;o da bancada do PT na tarde de hoje.<\/p>\n<p>Na mesma reuni&atilde;o, o PT indicou Jorge Bittar como vice-l&iacute;der do partido na comiss&atilde;o. Bittar tamb&eacute;m estava na disputa pela presid&ecirc;ncia da CCTCI.<\/p>\n<p>Todos os blocos partid&aacute;rios j&aacute; indicaram seus representantes na comiss&atilde;o. A composi&ccedil;&atilde;o deve se completar amanh&atilde;, com a elei&ccedil;&atilde;o dos vice-presidentes.<\/p>\n<p><a href=\"http:\/\/www2.camara.gov.br\/comissoes\/cctci\/membros\" target=\"_blank\">Veja aqui a lista dos deputados que comp&otilde;em a CCTCI.<\/a><\/p>\n<p class=\"MsoNormal\">&nbsp;<\/p>\n","protected":false},"excerpt":{"rendered":"<p>O deputado Walter Pinheiro foi confirmado como novo presidente da Comiss&atilde;o de Ci&ecirc;ncia e Tecnologia, Comunica&ccedil;&atilde;o e Inform&aacute;tica da C&acirc;mara dos Deputados (CCTCI). A decis&atilde;o foi tomada em reuni&atilde;o da bancada do PT na tarde de hoje. Na mesma reuni&atilde;o, o PT indicou Jorge Bittar como vice-l&iacute;der do partido na comiss&atilde;o. Bittar tamb&eacute;m estava na &hellip; <a href=\"https:\/\/obscom.intervozes.org.br\/?p=20601\" class=\"more-link\">Continue lendo <span class=\"screen-reader-text\">Walter Pinheiro presidir\u00e1 Comiss\u00e3o de Ci\u00eancia e Tecnologia, Comunica\u00e7\u00e3o e Inform\u00e1tica<\/span> <span class=\"meta-nav\">&rarr;<\/span><\/a><\/p>\n","protected":false},"author":1,"featured_media":0,"comment_status":"open","ping_status":"open","sticky":false,"template":"","format":"standard","meta":{"footnotes":""},"categories":[39],"tags":[],"_links":{"self":[{"href":"https:\/\/obscom.intervozes.org.br\/index.php?rest_route=\/wp\/v2\/posts\/20601"}],"collection":[{"href":"https:\/\/obscom.intervozes.org.br\/index.php?rest_route=\/wp\/v2\/posts"}],"about":[{"href":"https:\/\/obscom.intervozes.org.br\/index.php?rest_route=\/wp\/v2\/types\/post"}],"author":[{"embeddable":true,"href":"https:\/\/obscom.intervozes.org.br\/index.php?rest_route=\/wp\/v2\/users\/1"}],"replies":[{"embeddable":true,"href":"https:\/\/obscom.intervozes.org.br\/index.php?rest_route=%2Fwp%2Fv2%2Fcomments&post=20601"}],"version-history":[{"count":0,"href":"https:\/\/obscom.intervozes.org.br\/index.php?rest_route=\/wp\/v2\/posts\/20601\/revisions"}],"wp:attachment":[{"href":"https:\/\/obscom.intervozes.org.br\/index.php?rest_route=%2Fwp%2Fv2%2Fmedia&parent=20601"}],"wp:term":[{"taxonomy":"category","embeddable":true,"href":"https:\/\/obscom.intervozes.org.br\/index.php?rest_route=%2Fwp%2Fv2%2Fcategories&post=20601"},{"taxonomy":"post_tag","embeddable":true,"href":"https:\/\/obscom.intervozes.org.br\/index.php?rest_route=%2Fwp%2Fv2%2Ftags&post=20601"}],"curies":[{"name":"wp","href":"https:\/\/api.w.org\/{rel}","templated":true}]}}