{"id":20600,"date":"2008-03-04T16:27:19","date_gmt":"2008-03-04T16:27:19","guid":{"rendered":"https:\/\/obscom.intervozes.org.br\/wordpress\/?p=20600"},"modified":"2008-03-04T16:27:19","modified_gmt":"2008-03-04T16:27:19","slug":"projeto-preve-que-comissao-de-educacao-da-camara-avalie-concessoes","status":"publish","type":"post","link":"https:\/\/obscom.intervozes.org.br\/?p=20600","title":{"rendered":"Projeto prev\u00ea que Comiss\u00e3o de Educa\u00e7\u00e3o da C\u00e2mara avalie concess\u00f5es"},"content":{"rendered":"<p class=\"MsoNormal\">A reforma do Regimento Interno da C&acirc;mara dos Deputados pode acrescentar a Comiss&atilde;o de Educa&ccedil;&atilde;o e Cultura entre as inst&acirc;ncias do Congresso que avaliam os pedidos de outorga e renova&ccedil;&atilde;o de concess&otilde;es de r&aacute;dio e TV. A proposta foi apresentada pelo deputado Angelo Vanhoni (PT-PR).<\/p>\n<p>Atualmente, depois de passarem pelo Minist&eacute;rio das Comunica&ccedil;&otilde;es e pela Casa Civil, os processos s&atilde;o analisados pelas comiss&otilde;es de Ci&ecirc;ncia e Tecnologia, Comunica&ccedil;&atilde;o e Inform&aacute;tica; e de Constitui&ccedil;&atilde;o e Justi&ccedil;a e de Cidadania (CCJ).<\/p>\n<p>Para Vanhoni, o aspecto cultural &eacute; essencial na avalia&ccedil;&atilde;o do uso das concess&otilde;es.<\/p>\n<p>Com informa&ccedil;&otilde;es da Ag&ecirc;ncia C&acirc;mara<\/p>\n","protected":false},"excerpt":{"rendered":"<p>A reforma do Regimento Interno da C&acirc;mara dos Deputados pode acrescentar a Comiss&atilde;o de Educa&ccedil;&atilde;o e Cultura entre as inst&acirc;ncias do Congresso que avaliam os pedidos de outorga e renova&ccedil;&atilde;o de concess&otilde;es de r&aacute;dio e TV. A proposta foi apresentada pelo deputado Angelo Vanhoni (PT-PR). Atualmente, depois de passarem pelo Minist&eacute;rio das Comunica&ccedil;&otilde;es e pela &hellip; <a href=\"https:\/\/obscom.intervozes.org.br\/?p=20600\" class=\"more-link\">Continue lendo <span class=\"screen-reader-text\">Projeto prev\u00ea que Comiss\u00e3o de Educa\u00e7\u00e3o da C\u00e2mara avalie concess\u00f5es<\/span> <span class=\"meta-nav\">&rarr;<\/span><\/a><\/p>\n","protected":false},"author":1,"featured_media":0,"comment_status":"open","ping_status":"open","sticky":false,"template":"","format":"standard","meta":{"footnotes":""},"categories":[39],"tags":[],"_links":{"self":[{"href":"https:\/\/obscom.intervozes.org.br\/index.php?rest_route=\/wp\/v2\/posts\/20600"}],"collection":[{"href":"https:\/\/obscom.intervozes.org.br\/index.php?rest_route=\/wp\/v2\/posts"}],"about":[{"href":"https:\/\/obscom.intervozes.org.br\/index.php?rest_route=\/wp\/v2\/types\/post"}],"author":[{"embeddable":true,"href":"https:\/\/obscom.intervozes.org.br\/index.php?rest_route=\/wp\/v2\/users\/1"}],"replies":[{"embeddable":true,"href":"https:\/\/obscom.intervozes.org.br\/index.php?rest_route=%2Fwp%2Fv2%2Fcomments&post=20600"}],"version-history":[{"count":0,"href":"https:\/\/obscom.intervozes.org.br\/index.php?rest_route=\/wp\/v2\/posts\/20600\/revisions"}],"wp:attachment":[{"href":"https:\/\/obscom.intervozes.org.br\/index.php?rest_route=%2Fwp%2Fv2%2Fmedia&parent=20600"}],"wp:term":[{"taxonomy":"category","embeddable":true,"href":"https:\/\/obscom.intervozes.org.br\/index.php?rest_route=%2Fwp%2Fv2%2Fcategories&post=20600"},{"taxonomy":"post_tag","embeddable":true,"href":"https:\/\/obscom.intervozes.org.br\/index.php?rest_route=%2Fwp%2Fv2%2Ftags&post=20600"}],"curies":[{"name":"wp","href":"https:\/\/api.w.org\/{rel}","templated":true}]}}