{"id":20591,"date":"2008-03-03T16:03:40","date_gmt":"2008-03-03T16:03:40","guid":{"rendered":"https:\/\/obscom.intervozes.org.br\/wordpress\/?p=20591"},"modified":"2008-03-03T16:03:40","modified_gmt":"2008-03-03T16:03:40","slug":"senado-passa-a-analisar-texto-aprovado-pela-camara-sobre-criacao-da-empresa-brasil-de-comunicacao","status":"publish","type":"post","link":"https:\/\/obscom.intervozes.org.br\/?p=20591","title":{"rendered":"Senado passa a analisar texto aprovado pela C\u00e2mara sobre cria\u00e7\u00e3o da Empresa Brasil de Comunica\u00e7\u00e3o"},"content":{"rendered":"<p><span>O Senado Federal&nbsp;passa a analisar o texto sobre a cria&ccedil;&atilde;o da Empresa Brasil de Comunica&ccedil;&atilde;o, recentemente aprovado na C&acirc;mara dos Deputados, a partir desta ter&ccedil;a-feira (3), &agrave;s 14h. <span>Juntamente com outras duas MPs e outro PLV, a mat&eacute;ria sobre a nova empresa p&uacute;blica de comunica&ccedil;&atilde;o do pa&iacute;s est&aacute; trancando a pauta do plen&aacute;rio do Senado e precisa ser votada antes dos demais projetos em tramita&ccedil;&atilde;o. <\/span><\/span><\/p>\n","protected":false},"excerpt":{"rendered":"<p>O Senado Federal&nbsp;passa a analisar o texto sobre a cria&ccedil;&atilde;o da Empresa Brasil de Comunica&ccedil;&atilde;o, recentemente aprovado na C&acirc;mara dos Deputados, a partir desta ter&ccedil;a-feira (3), &agrave;s 14h. Juntamente com outras duas MPs e outro PLV, a mat&eacute;ria sobre a nova empresa p&uacute;blica de comunica&ccedil;&atilde;o do pa&iacute;s est&aacute; trancando a pauta do plen&aacute;rio do Senado &hellip; <a href=\"https:\/\/obscom.intervozes.org.br\/?p=20591\" class=\"more-link\">Continue lendo <span class=\"screen-reader-text\">Senado passa a analisar texto aprovado pela C\u00e2mara sobre cria\u00e7\u00e3o da Empresa Brasil de Comunica\u00e7\u00e3o<\/span> <span class=\"meta-nav\">&rarr;<\/span><\/a><\/p>\n","protected":false},"author":1,"featured_media":0,"comment_status":"open","ping_status":"open","sticky":false,"template":"","format":"standard","meta":{"footnotes":""},"categories":[39],"tags":[],"_links":{"self":[{"href":"https:\/\/obscom.intervozes.org.br\/index.php?rest_route=\/wp\/v2\/posts\/20591"}],"collection":[{"href":"https:\/\/obscom.intervozes.org.br\/index.php?rest_route=\/wp\/v2\/posts"}],"about":[{"href":"https:\/\/obscom.intervozes.org.br\/index.php?rest_route=\/wp\/v2\/types\/post"}],"author":[{"embeddable":true,"href":"https:\/\/obscom.intervozes.org.br\/index.php?rest_route=\/wp\/v2\/users\/1"}],"replies":[{"embeddable":true,"href":"https:\/\/obscom.intervozes.org.br\/index.php?rest_route=%2Fwp%2Fv2%2Fcomments&post=20591"}],"version-history":[{"count":0,"href":"https:\/\/obscom.intervozes.org.br\/index.php?rest_route=\/wp\/v2\/posts\/20591\/revisions"}],"wp:attachment":[{"href":"https:\/\/obscom.intervozes.org.br\/index.php?rest_route=%2Fwp%2Fv2%2Fmedia&parent=20591"}],"wp:term":[{"taxonomy":"category","embeddable":true,"href":"https:\/\/obscom.intervozes.org.br\/index.php?rest_route=%2Fwp%2Fv2%2Fcategories&post=20591"},{"taxonomy":"post_tag","embeddable":true,"href":"https:\/\/obscom.intervozes.org.br\/index.php?rest_route=%2Fwp%2Fv2%2Ftags&post=20591"}],"curies":[{"name":"wp","href":"https:\/\/api.w.org\/{rel}","templated":true}]}}