{"id":20588,"date":"2008-03-03T15:43:58","date_gmt":"2008-03-03T15:43:58","guid":{"rendered":"https:\/\/obscom.intervozes.org.br\/wordpress\/?p=20588"},"modified":"2008-03-03T15:43:58","modified_gmt":"2008-03-03T15:43:58","slug":"abraco-defende-prazo-maior-para-habilitacao-de-associacoes","status":"publish","type":"post","link":"https:\/\/obscom.intervozes.org.br\/?p=20588","title":{"rendered":"Abra\u00e7o defende prazo maior para habilita\u00e7\u00e3o de associa\u00e7\u00f5es"},"content":{"rendered":"<p>Bras&iacute;lia &#8211; O prazo para quem quer montar uma r&aacute;dio comunit&aacute;ria termina na segunda-feira (3), mas segundo o coordenador-executivo da Associa&ccedil;&atilde;o Brasileira de Radiodifus&atilde;o Comunit&aacute;ria (Abra&ccedil;o), Jos&eacute; Soter, deveria ser prorrogado pelo Minist&eacute;rio das Comunica&ccedil;&otilde;es. Assim, explicou, as comunidades teriam mais tempo para se organizar e participar do processo. <\/p>\n<p>De acordo com nota divulgada pelo Minist&eacute;rio das Comunica&ccedil;&otilde;es, o aviso de habilita&ccedil;&atilde;o n&ordm; 06\/2007 foi publicado no Di&aacute;rio Oficial da Uni&atilde;o em 5 de dezembro do ano passado. Em janeiro, as inscri&ccedil;&otilde;es foram prorrogadas por 45 dias para garantir maior participa&ccedil;&atilde;o da sociedade e democratizar o acesso &agrave;s r&aacute;dios comunit&aacute;rias.<\/p>\n<p>Ainda segundo o minist&eacute;rio, em 2007 foram lan&ccedil;ados quatro avisos de habilita&ccedil;&atilde;o, cadastrando 1.246 entidades. J&aacute; s&atilde;o 5.557 os munic&iacute;pios contemplados, o que representa 99,86% do total do pa&iacute;s. <\/p>\n<p>Para Jos&eacute; Soter, a divulga&ccedil;&atilde;o das inscri&ccedil;&otilde;es pelo Minist&eacute;rio das Comunica&ccedil;&otilde;es nem sempre chega &agrave;s localidades onde h&aacute; interessados em participar do servi&ccedil;o de radiodifus&atilde;o comunit&aacute;ria. &ldquo;Quem fica sabendo s&atilde;o aqueles que t&ecirc;m organiza&ccedil;&atilde;o bem estruturada, em n&iacute;vel nacional&rdquo;, disse.<\/p>\n<p>O minist&eacute;rio informou que somente na pr&oacute;xima semana se manifestar&aacute; sobre o assunto. No endere&ccedil;o eletr&ocirc;nico <a href=\"http:\/\/www.mc.gov.br\/\">www.mc.gov.br<\/a> os interessados podem encontrar o formul&aacute;rio para a inscri&ccedil;&atilde;o. <\/p>\n","protected":false},"excerpt":{"rendered":"<p>Bras&iacute;lia &#8211; O prazo para quem quer montar uma r&aacute;dio comunit&aacute;ria termina na segunda-feira (3), mas segundo o coordenador-executivo da Associa&ccedil;&atilde;o Brasileira de Radiodifus&atilde;o Comunit&aacute;ria (Abra&ccedil;o), Jos&eacute; Soter, deveria ser prorrogado pelo Minist&eacute;rio das Comunica&ccedil;&otilde;es. Assim, explicou, as comunidades teriam mais tempo para se organizar e participar do processo. De acordo com nota divulgada pelo &hellip; <a href=\"https:\/\/obscom.intervozes.org.br\/?p=20588\" class=\"more-link\">Continue lendo <span class=\"screen-reader-text\">Abra\u00e7o defende prazo maior para habilita\u00e7\u00e3o de associa\u00e7\u00f5es<\/span> <span class=\"meta-nav\">&rarr;<\/span><\/a><\/p>\n","protected":false},"author":1,"featured_media":0,"comment_status":"open","ping_status":"open","sticky":false,"template":"","format":"standard","meta":{"footnotes":""},"categories":[40],"tags":[155],"_links":{"self":[{"href":"https:\/\/obscom.intervozes.org.br\/index.php?rest_route=\/wp\/v2\/posts\/20588"}],"collection":[{"href":"https:\/\/obscom.intervozes.org.br\/index.php?rest_route=\/wp\/v2\/posts"}],"about":[{"href":"https:\/\/obscom.intervozes.org.br\/index.php?rest_route=\/wp\/v2\/types\/post"}],"author":[{"embeddable":true,"href":"https:\/\/obscom.intervozes.org.br\/index.php?rest_route=\/wp\/v2\/users\/1"}],"replies":[{"embeddable":true,"href":"https:\/\/obscom.intervozes.org.br\/index.php?rest_route=%2Fwp%2Fv2%2Fcomments&post=20588"}],"version-history":[{"count":0,"href":"https:\/\/obscom.intervozes.org.br\/index.php?rest_route=\/wp\/v2\/posts\/20588\/revisions"}],"wp:attachment":[{"href":"https:\/\/obscom.intervozes.org.br\/index.php?rest_route=%2Fwp%2Fv2%2Fmedia&parent=20588"}],"wp:term":[{"taxonomy":"category","embeddable":true,"href":"https:\/\/obscom.intervozes.org.br\/index.php?rest_route=%2Fwp%2Fv2%2Fcategories&post=20588"},{"taxonomy":"post_tag","embeddable":true,"href":"https:\/\/obscom.intervozes.org.br\/index.php?rest_route=%2Fwp%2Fv2%2Ftags&post=20588"}],"curies":[{"name":"wp","href":"https:\/\/api.w.org\/{rel}","templated":true}]}}