{"id":20587,"date":"2008-03-03T15:40:26","date_gmt":"2008-03-03T15:40:26","guid":{"rendered":"https:\/\/obscom.intervozes.org.br\/wordpress\/?p=20587"},"modified":"2008-03-03T15:40:26","modified_gmt":"2008-03-03T15:40:26","slug":"projeto-permite-que-indigenas-tenham-radio-comunitaria","status":"publish","type":"post","link":"https:\/\/obscom.intervozes.org.br\/?p=20587","title":{"rendered":"Projeto permite que ind\u00edgenas tenham r\u00e1dio comunit\u00e1ria"},"content":{"rendered":"<p>A C&acirc;mara analisa o Projeto de Lei 2490\/07, do deputado Eduardo Valverde (PT-RO), que estende o direito de administrar r&aacute;dios comunit&aacute;rias &agrave;s comunidades ind&iacute;genas reconhecidas pelo poder p&uacute;blico. Pela proposta, essas comunidades poder&atilde;o ser atendidas desde que as r&aacute;dios cumpram as seguintes determina&ccedil;&otilde;es:<\/p>\n<p>&#8211; respeitem as peculiaridades inerentes &agrave; condi&ccedil;&atilde;o dos ind&iacute;genas;<br \/>&#8211; respeitem a coes&atilde;o das comunidades ind&iacute;genas, os seus valores culturais, tradi&ccedil;&otilde;es, usos e costumes;<br \/>&#8211; utilizem a coopera&ccedil;&atilde;o, o esp&iacute;rito de iniciativa e as qualidades pessoais do &iacute;ndio, tendo em vista a melhoria de suas condi&ccedil;&otilde;es de vida e sua integra&ccedil;&atilde;o no processo de desenvolvimento;<br \/>&#8211; executem, sempre mediante a colabora&ccedil;&atilde;o dos &iacute;ndios, os programas e projetos tendentes a beneficiar as comunidades ind&iacute;genas.<\/p>\n<p>Atualmente, a Lei 9.612\/98, que trata da radiodifus&atilde;o comunit&aacute;ria, concede o direito de explorar esse servi&ccedil;o apenas &agrave;s funda&ccedil;&otilde;es e associa&ccedil;&otilde;es comunit&aacute;rias, sem fins lucrativos, desde que legalmente institu&iacute;das e devidamente registradas, sediadas na &aacute;rea da comunidade para a qual pretendem prestar o servi&ccedil;o, e cujos dirigentes sejam brasileiros natos ou naturalizados h&aacute; mais de 10 anos.<\/p>\n<p>Essa lei estabelece ainda que as emissoras comunit&aacute;rias devem cumprir tempo m&iacute;nimo de opera&ccedil;&atilde;o di&aacute;ria, mas a proposta do deputado de Rond&ocirc;nia exclui as r&aacute;dios destinadas &agrave;s comunidades ind&iacute;genas de cumprir essa obriga&ccedil;&atilde;o.<\/p>\n<p><strong>Exclus&atilde;o<\/p>\n<p><\/strong>Segundo Valverde, a legisla&ccedil;&atilde;o atual n&atilde;o reflete a realidade multicultural brasileira, e as regras atuais, ainda que de maneira indireta, excluem os povos ind&iacute;genas da possibilidade de operarem r&aacute;dios comunit&aacute;rias, &quot;uma vez que as outorgas podem ser destinadas apenas a associa&ccedil;&otilde;es ou funda&ccedil;&otilde;es comunit&aacute;rias, que estejam regularmente instaladas em ambientes urbanos&quot;. Diante desse quadro, o deputado destaca que os objetivos da proposta s&atilde;o &quot;reconhecer as manifesta&ccedil;&otilde;es culturais das comunidades ind&iacute;genas; possibilitar a outorga de r&aacute;dios comunit&aacute;rias a essas comunidades; e legislar para que os povos ind&iacute;genas tenham seus bens culturais, educativos e sociais preservados, com a utiliza&ccedil;&atilde;o dos meios de comunica&ccedil;&atilde;o para a sua difus&atilde;o e enriquecimento&quot;.<\/p>\n<p><strong>Tramita&ccedil;&atilde;o<\/p>\n<p><\/strong>A proposta, que tramita em car&aacute;ter conclusivo, ser&aacute; analisada pelas comiss&otilde;es de Direitos Humanos e Minorias; de Ci&ecirc;ncia e Tecnologia, Comunica&ccedil;&atilde;o e Inform&aacute;tica; e de Constitui&ccedil;&atilde;o e Justi&ccedil;a e de Cidadania.<\/p>\n","protected":false},"excerpt":{"rendered":"<p>A C&acirc;mara analisa o Projeto de Lei 2490\/07, do deputado Eduardo Valverde (PT-RO), que estende o direito de administrar r&aacute;dios comunit&aacute;rias &agrave;s comunidades ind&iacute;genas reconhecidas pelo poder p&uacute;blico. Pela proposta, essas comunidades poder&atilde;o ser atendidas desde que as r&aacute;dios cumpram as seguintes determina&ccedil;&otilde;es: &#8211; respeitem as peculiaridades inerentes &agrave; condi&ccedil;&atilde;o dos ind&iacute;genas;&#8211; respeitem a coes&atilde;o &hellip; <a href=\"https:\/\/obscom.intervozes.org.br\/?p=20587\" class=\"more-link\">Continue lendo <span class=\"screen-reader-text\">Projeto permite que ind\u00edgenas tenham r\u00e1dio comunit\u00e1ria<\/span> <span class=\"meta-nav\">&rarr;<\/span><\/a><\/p>\n","protected":false},"author":1,"featured_media":0,"comment_status":"open","ping_status":"open","sticky":false,"template":"","format":"standard","meta":{"footnotes":""},"categories":[40],"tags":[197],"_links":{"self":[{"href":"https:\/\/obscom.intervozes.org.br\/index.php?rest_route=\/wp\/v2\/posts\/20587"}],"collection":[{"href":"https:\/\/obscom.intervozes.org.br\/index.php?rest_route=\/wp\/v2\/posts"}],"about":[{"href":"https:\/\/obscom.intervozes.org.br\/index.php?rest_route=\/wp\/v2\/types\/post"}],"author":[{"embeddable":true,"href":"https:\/\/obscom.intervozes.org.br\/index.php?rest_route=\/wp\/v2\/users\/1"}],"replies":[{"embeddable":true,"href":"https:\/\/obscom.intervozes.org.br\/index.php?rest_route=%2Fwp%2Fv2%2Fcomments&post=20587"}],"version-history":[{"count":0,"href":"https:\/\/obscom.intervozes.org.br\/index.php?rest_route=\/wp\/v2\/posts\/20587\/revisions"}],"wp:attachment":[{"href":"https:\/\/obscom.intervozes.org.br\/index.php?rest_route=%2Fwp%2Fv2%2Fmedia&parent=20587"}],"wp:term":[{"taxonomy":"category","embeddable":true,"href":"https:\/\/obscom.intervozes.org.br\/index.php?rest_route=%2Fwp%2Fv2%2Fcategories&post=20587"},{"taxonomy":"post_tag","embeddable":true,"href":"https:\/\/obscom.intervozes.org.br\/index.php?rest_route=%2Fwp%2Fv2%2Ftags&post=20587"}],"curies":[{"name":"wp","href":"https:\/\/api.w.org\/{rel}","templated":true}]}}