{"id":20576,"date":"2008-02-29T14:13:08","date_gmt":"2008-02-29T14:13:08","guid":{"rendered":"https:\/\/obscom.intervozes.org.br\/wordpress\/?p=20576"},"modified":"2008-02-29T14:13:08","modified_gmt":"2008-02-29T14:13:08","slug":"autoconvocacao-do-conselho-consultivo-cria-constrangimento-e-reuniao-e-adiada","status":"publish","type":"post","link":"https:\/\/obscom.intervozes.org.br\/?p=20576","title":{"rendered":"Autoconvoca\u00e7\u00e3o do Conselho Consultivo cria constrangimento e reuni\u00e3o \u00e9 adiada"},"content":{"rendered":"<p>A autoconvoca&ccedil;&atilde;o do conselho consultivo da Anatel &ndash; assinada pelos quatro conselheiros que ainda t&ecirc;m mandato- para dar posse a dois novos conselheiros e para discutir o novo plano geral de metas de universaliza&ccedil;&atilde;o provocou&nbsp; constrangimentos na ag&ecirc;ncia e acabou sendo adiada para data indefinida. <\/p>\n<p>A reuni&atilde;o, marcada para ser realizada na pr&oacute;xima segunda-feira, tinha sido convocada por Wilson Vendana, representante da C&acirc;mara dos Deputados, Em&iacute;lia Maria Ribeiro, do Senado Federal, Marcelo Bechara, do Poder Executivo e&nbsp; Fl&aacute;via Lef&egrave;vre, dos usu&aacute;rios, mas agora, no final da noite, ela foi adiada, sob protestos da&nbsp; &uacute;nica&nbsp; representante dos usu&aacute;rios, Fl&aacute;via Lef&egrave;vre. <\/p>\n<p>A advogada afirmou que &quot;pretende estudar as medidas cab&iacute;veis, caso o Plano Geral de Metas de Universaliza&ccedil;&atilde;o&nbsp; seja confirmado por Decreto, sem que tenha havido a manifesta&ccedil;&atilde;o do conselho consultivo da Anatel&quot;. Para Lef&egrave;vre, a lei geral de telecomunica&ccedil;&otilde;es &eacute; exp&#314;&iacute;cita quando condiciona a aprova&ccedil;&atilde;o de metas de universaliza&ccedil;&atilde;o ao parecer pr&eacute;vio do conselho consultivo da ag&ecirc;ncia.<\/p>\n<p><strong>A autoconvoca&ccedil;&atilde;o&nbsp; <\/p>\n<p><\/strong>Os quatro conselheiros resolveram se rebelar ao que consideravam um descaso do presidente da Anatel, Ronaldo Sardenberg, que se recusa a convocar reuni&atilde;o desse conselho e mesmo a empossar dois nomes j&aacute; indicados pelo presidente Lula: Amadeu de Paula Castro Neto, que seria o segundo representante do Senado e Igor Vilas Boas, o segundo do Poder Executivo, e tamb&eacute;m servidor do Minist&eacute;rio das Comunica&ccedil;&otilde;es. <\/p>\n<p>Sardenberg, por sua vez, tem um argumento forte para&nbsp; n&atilde;o convocar o conselho consultivo: ele &eacute; um f&oacute;rum criado para expressar a sociedade e, por isso, tem 12 vagas, para contemplar o Poder P&uacute;blico, mas tamb&eacute;m os usu&aacute;rios, a sociedade e os prestadores de servi&ccedil;o. O problema, para o presidente da ag&ecirc;ncia, &eacute; que, acrescentando-se os dois conselheiros indicados aos que ainda t&ecirc;m mandatos, a representa&ccedil;&atilde;o fica totalmente desbalanceada, com cinco representantes do Poder P&uacute;blico e apenas um da sociedade.<\/p>\n<p><strong>Disputa jur&iacute;dica<\/p>\n<p><\/strong>Havia ainda diverg&ecirc;ncias jur&iacute;dicas sobre se a iniciativa dos conselheiros em convocar a reuni&atilde;o tem respaldo legal. <\/p>\n<p>Aqueles que se autoconvocaram tinham seus argumentos. O regimento interno permite que as reuni&otilde;es extraordin&aacute;rias do conselho possam ser convocadas pelo seu presidente ou por um ter&ccedil;o dos membros e o mesmo regimento explicita que os pr&oacute;prios conselheiros podem dar posse a seus colegas.<\/p>\n<p>Mas o artigo 14 do mesmo regimento estabelece que as delibera&ccedil;&otilde;es do conselho ser&atilde;o aprovadas pela maioria de votos, presentes a maioria dos conselheiros, maioria que s&oacute; se formaria com seis membros, dois dos quais&nbsp; n&atilde;o foram empossados. Ou seja, por essa interpreta&ccedil;&atilde;o, quatro conselheiros n&atilde;o podem sequer empossar novos membros.<\/p>\n<p>O outro item da pauta, que &eacute; discutir o novo plano de metas de universaliza&ccedil;&atilde;o lan&ccedil;ado pela Anatel, tamb&eacute;m sofre questionamentos, j&aacute; que, nesse caso, o regimento interno, em seu artigo 12, explicita que, para discutir PGMU, o conselho consultivo precisa ser convocado pelo presidente da Anatel. A pol&ecirc;mica estava&nbsp; criada. At&eacute; que t&eacute;cnicos da Anatel conseguiram convencer os tr&ecirc;s conselheiros a&nbsp; desistirem&nbsp; da reuni&atilde;o. <\/p>\n<p>De qualquer forma, o foco da disputa pode esta errado. Por que n&atilde;o pressionar o Poder Executivo a indicar os seis integrantes que faltam? <\/p>\n","protected":false},"excerpt":{"rendered":"<p>A autoconvoca&ccedil;&atilde;o do conselho consultivo da Anatel &ndash; assinada pelos quatro conselheiros que ainda t&ecirc;m mandato- para dar posse a dois novos conselheiros e para discutir o novo plano geral de metas de universaliza&ccedil;&atilde;o provocou&nbsp; constrangimentos na ag&ecirc;ncia e acabou sendo adiada para data indefinida. A reuni&atilde;o, marcada para ser realizada na pr&oacute;xima segunda-feira, tinha &hellip; <a href=\"https:\/\/obscom.intervozes.org.br\/?p=20576\" class=\"more-link\">Continue lendo <span class=\"screen-reader-text\">Autoconvoca\u00e7\u00e3o do Conselho Consultivo cria constrangimento e reuni\u00e3o \u00e9 adiada<\/span> <span class=\"meta-nav\">&rarr;<\/span><\/a><\/p>\n","protected":false},"author":1,"featured_media":0,"comment_status":"open","ping_status":"open","sticky":false,"template":"","format":"standard","meta":{"footnotes":""},"categories":[40],"tags":[152],"_links":{"self":[{"href":"https:\/\/obscom.intervozes.org.br\/index.php?rest_route=\/wp\/v2\/posts\/20576"}],"collection":[{"href":"https:\/\/obscom.intervozes.org.br\/index.php?rest_route=\/wp\/v2\/posts"}],"about":[{"href":"https:\/\/obscom.intervozes.org.br\/index.php?rest_route=\/wp\/v2\/types\/post"}],"author":[{"embeddable":true,"href":"https:\/\/obscom.intervozes.org.br\/index.php?rest_route=\/wp\/v2\/users\/1"}],"replies":[{"embeddable":true,"href":"https:\/\/obscom.intervozes.org.br\/index.php?rest_route=%2Fwp%2Fv2%2Fcomments&post=20576"}],"version-history":[{"count":0,"href":"https:\/\/obscom.intervozes.org.br\/index.php?rest_route=\/wp\/v2\/posts\/20576\/revisions"}],"wp:attachment":[{"href":"https:\/\/obscom.intervozes.org.br\/index.php?rest_route=%2Fwp%2Fv2%2Fmedia&parent=20576"}],"wp:term":[{"taxonomy":"category","embeddable":true,"href":"https:\/\/obscom.intervozes.org.br\/index.php?rest_route=%2Fwp%2Fv2%2Fcategories&post=20576"},{"taxonomy":"post_tag","embeddable":true,"href":"https:\/\/obscom.intervozes.org.br\/index.php?rest_route=%2Fwp%2Fv2%2Ftags&post=20576"}],"curies":[{"name":"wp","href":"https:\/\/api.w.org\/{rel}","templated":true}]}}