{"id":20574,"date":"2008-02-29T12:36:37","date_gmt":"2008-02-29T12:36:37","guid":{"rendered":"https:\/\/obscom.intervozes.org.br\/wordpress\/?p=20574"},"modified":"2008-02-29T12:36:37","modified_gmt":"2008-02-29T12:36:37","slug":"nupef-e-ufrj-lancam-curso-de-extensao-sobre-convergencia-das-midias","status":"publish","type":"post","link":"https:\/\/obscom.intervozes.org.br\/?p=20574","title":{"rendered":"Nupef e UFRJ lan\u00e7am curso de extens\u00e3o sobre converg\u00eancia das m\u00eddias"},"content":{"rendered":"<p><span>Converg&ecirc;ncia de m&iacute;dias &eacute; a express&atilde;o da moda, constantemente usada para justificar o lan&ccedil;amento de novos produtos comerciais. Mas, o que realmente significa essa tal &ldquo;converg&ecirc;ncia&rdquo;? Quais seus impactos sociais, culturais, econ&ocirc;micos e pol&iacute;ticos nas sociedades contempor&acirc;neas? Para tentar responder a estas quest&otilde;es, o PEIC e o NUPEF est&atilde;o lan&ccedil;ando a primeira edi&ccedil;&atilde;o do curso de extens&atilde;o &ldquo;Converg&ecirc;ncia das comunica&ccedil;&otilde;es: tecnologia, economia e pol&iacute;tica&rdquo;. O curso &eacute; voltado tanto para pesquisadores, quanto profissionais e militantes dos movimentos sociais que lidam com o fen&ocirc;meno da comunica&ccedil;&atilde;o em seus mais diferentes aspectos. Para ministrar as aulas, contaremos com professores convidados do Rio de Janeiro, S&atilde;o Paulo, Bras&iacute;lia e Buenos Aires.<\/p>\n<p><\/span><span>*<\/p>\n<p><strong>In&iacute;cio:<\/strong> 10 de mar&ccedil;o de 2008<br \/><\/span><span><strong>T&eacute;rmino:<\/strong> 30 de junho de 2008<br \/><\/span><span><strong>Hor&aacute;rio:<\/strong> Segundas-feiras, de 19h &agrave;s 21h30<br \/><\/span><span><strong>Local:<\/strong> Audit&oacute;rio da Central de Produ&ccedil;&atilde;o Multim&iacute;dia (CPM) &ndash; UFRJ &#8211; Campus da Praia Vermelha<br \/><span><strong>Inscri&ccedil;&otilde;es:<\/strong> Viviane Gomes &#8211; viviane@rits.org.br<\/span><\/p>\n<p><\/span><span><strong>Organiza&ccedil;&atilde;o:<\/strong> Grupo de Pesquisa em Pol&iacute;ticas e Economia Pol&iacute;tica da Informa&ccedil;&atilde;o e da Comunica&ccedil;&atilde;o (PEIC) da Escola de Comunica&ccedil;&atilde;o (ECO) da Universidade Federal do Rio de Janeiro (UFRJ) &amp; N&uacute;cleo de Pesquisas, Estudos e Forma&ccedil;&atilde;o (NUPEF) da Rede de Informa&ccedil;&otilde;es para o Terceiro Setor (RITS)<\/p>\n<p>*<\/span><span>&nbsp;<\/span> <\/p>\n<p style=\"margin: 0cm 0cm 0pt\" class=\"MsoNormal\"><span><strong><u>PROGRAMA<\/p>\n<p><\/u><\/strong><\/span><span>10\/03 &ndash; Apresenta&ccedil;&atilde;o<\/p>\n<p><\/span><span><u>1&deg; m&oacute;dulo &#8211; O capitalismo no s&eacute;culo XXI<br \/><\/u><\/span><span>17\/03 &#8211; 1&deg; aula &#8211; Capital-informa&ccedil;&atilde;o: a informa&ccedil;&atilde;o como mercadoria<br \/><\/span><span>24\/03 &#8211; 2&deg; aula &#8211; O processo de concentra&ccedil;&atilde;o empresarial<\/p>\n<p><\/span><span><u>2&deg; m&oacute;dulo &#8211; Aspectos tecnol&oacute;gicos<br \/><\/u><\/span><span>31\/03 &#8211; 3&deg; aula &#8211; Hist&oacute;ria da Internet<br \/><\/span><span>07\/04 &#8211; 4&deg; aula &#8211; O que &eacute; o digital? Superando as barreiras entre as m&iacute;dias tradicionais<br \/><\/span><span>14\/04 &#8211; 5&deg; aula &#8211; O mundo IP transbordando da Internet (VoIP, v&iacute;deo por IP, 3G, etc)<\/p>\n<p><\/span><span><u>3&deg; m&oacute;dulo &#8211; Regula&ccedil;&atilde;o internacional<br \/><\/u><\/span><span>28\/04 &#8211; 6&deg; aula &#8211; As novas tend&ecirc;ndias da regula&ccedil;&atilde;o da infra-estrutura f&iacute;sica (neutralidade de redes, desagrega&ccedil;&atilde;o e open spectrum)<br \/><\/span><span>05\/05 &#8211; 7&deg; aula &#8211; A regula&ccedil;&atilde;o da infra-estrutura l&oacute;gica, o desafio da ICANN<br \/><\/span><span>12\/05 &ndash; 8&deg; aula &#8211; O desafio do audiovisual no mundo convergente<br \/><\/span><span>19\/05 &#8211; 9&deg; aula &#8211; Propriedade intelectual<\/span><\/p>\n<p><span>26\/05 &#8211; 10&deg; aula &#8211; O caso Argentino<br \/><\/span><span>02\/06 &#8211; 11&#65392; aula &ndash; O Internet Governance Forum (IGF)<\/p>\n<p><\/span><span><u>4&deg; m&oacute;dulo &#8211; O caso brasileiro<br \/><\/u><\/span><span>09\/06 &#8211; 12&deg; aula &#8211; Cen&aacute;rio das telecomunica&ccedil;&otilde;es (Lei Geral de Telecomunica&ccedil;&otilde;es, Anatel, principais players, penetra&ccedil;&atilde;o da infra-estrutura, perspectivas)<br \/><\/span><span>16\/06 &#8211; 13&deg; aula &#8211; Cen&aacute;rio das m&iacute;dias &quot;tradicionais&quot; (C&oacute;digo Brasileiro de Telecomunica&ccedil;&otilde;es, a Constitui&ccedil;&atilde;o n&atilde;o regulada, mapa das outorgas)<br \/><\/span><span>23\/06 &#8211; 14&deg; aula &#8211; Cen&aacute;rio da Internet (Comit&ecirc; Gestor da Internet, penetra&ccedil;&atilde;o da banda larga, perspectivas de inclus&atilde;o digital)<br \/><\/span><span>30\/06 &#8211; 15&deg; aula &#8211; O &quot;caso&quot; da TV digital<\/span><\/p>\n","protected":false},"excerpt":{"rendered":"<p>Converg&ecirc;ncia de m&iacute;dias &eacute; a express&atilde;o da moda, constantemente usada para justificar o lan&ccedil;amento de novos produtos comerciais. Mas, o que realmente significa essa tal &ldquo;converg&ecirc;ncia&rdquo;? Quais seus impactos sociais, culturais, econ&ocirc;micos e pol&iacute;ticos nas sociedades contempor&acirc;neas? Para tentar responder a estas quest&otilde;es, o PEIC e o NUPEF est&atilde;o lan&ccedil;ando a primeira edi&ccedil;&atilde;o do curso &hellip; <a href=\"https:\/\/obscom.intervozes.org.br\/?p=20574\" class=\"more-link\">Continue lendo <span class=\"screen-reader-text\">Nupef e UFRJ lan\u00e7am curso de extens\u00e3o sobre converg\u00eancia das m\u00eddias<\/span> <span class=\"meta-nav\">&rarr;<\/span><\/a><\/p>\n","protected":false},"author":1,"featured_media":0,"comment_status":"open","ping_status":"open","sticky":false,"template":"","format":"standard","meta":{"footnotes":""},"categories":[40],"tags":[94],"_links":{"self":[{"href":"https:\/\/obscom.intervozes.org.br\/index.php?rest_route=\/wp\/v2\/posts\/20574"}],"collection":[{"href":"https:\/\/obscom.intervozes.org.br\/index.php?rest_route=\/wp\/v2\/posts"}],"about":[{"href":"https:\/\/obscom.intervozes.org.br\/index.php?rest_route=\/wp\/v2\/types\/post"}],"author":[{"embeddable":true,"href":"https:\/\/obscom.intervozes.org.br\/index.php?rest_route=\/wp\/v2\/users\/1"}],"replies":[{"embeddable":true,"href":"https:\/\/obscom.intervozes.org.br\/index.php?rest_route=%2Fwp%2Fv2%2Fcomments&post=20574"}],"version-history":[{"count":0,"href":"https:\/\/obscom.intervozes.org.br\/index.php?rest_route=\/wp\/v2\/posts\/20574\/revisions"}],"wp:attachment":[{"href":"https:\/\/obscom.intervozes.org.br\/index.php?rest_route=%2Fwp%2Fv2%2Fmedia&parent=20574"}],"wp:term":[{"taxonomy":"category","embeddable":true,"href":"https:\/\/obscom.intervozes.org.br\/index.php?rest_route=%2Fwp%2Fv2%2Fcategories&post=20574"},{"taxonomy":"post_tag","embeddable":true,"href":"https:\/\/obscom.intervozes.org.br\/index.php?rest_route=%2Fwp%2Fv2%2Ftags&post=20574"}],"curies":[{"name":"wp","href":"https:\/\/api.w.org\/{rel}","templated":true}]}}