{"id":20573,"date":"2008-02-29T12:12:12","date_gmt":"2008-02-29T12:12:12","guid":{"rendered":"https:\/\/obscom.intervozes.org.br\/wordpress\/?p=20573"},"modified":"2008-02-29T12:12:12","modified_gmt":"2008-02-29T12:12:12","slug":"camara-do-deputados-pinheiro-e-bittar-disputam-sucessao-da-comissao-de-ciencia-e-tecnologia","status":"publish","type":"post","link":"https:\/\/obscom.intervozes.org.br\/?p=20573","title":{"rendered":"C\u00e2mara do Deputados: Pinheiro e Bittar disputam sucess\u00e3o da Comiss\u00e3o de Ci\u00eancia e Tecnologia"},"content":{"rendered":"<p><strong>Da&nbsp;TELA VIVA News<\/strong><\/p>\n<p>A disputa pela presid&ecirc;ncia da Comiss&atilde;o de Ci&ecirc;ncia, Tecnologia e Comunica&ccedil;&atilde;o (CCTCI) da C&acirc;mara dos Deputados dever&aacute; continuar at&eacute; a pr&oacute;xima semana. Esta &eacute; a avalia&ccedil;&atilde;o dos assessores das lideran&ccedil;as do PT e do governo e de observadores dos debates que o partido tem travado para a escolha do sucessor de J&uacute;lio Semeghini (PSDB\/SP) na comiss&atilde;o. Tanto a escolha de Walter Pinheiro (BA) quanto a de Jorge Bittar (RJ) tem pr&oacute;s e contras para o PT e, por isso, a articula&ccedil;&atilde;o pol&iacute;tica tem se intensificado em torno dos nomes.<\/p>\n<p>At&eacute; a quarta-feira, 27, Pinheiro era o mais cotado e seu nome chegou a ser divulgado pela bancada do PT como o pr&oacute;ximo presidente. Mas a intempestividade do deputado &#8211; que chegou a amea&ccedil;ar sair do PT quando come&ccedil;ou a montagem do PSOL &#8211; estaria contando pontos contr&aacute;rios para sua efetiva elei&ccedil;&atilde;o. J&aacute; Bittar tem fama de ser mais tranq&uuml;ilo com rela&ccedil;&atilde;o &agrave;s propostas do partido, mas seu n&iacute;vel de di&aacute;logo com o Pal&aacute;cio do Planalto n&atilde;o &eacute; t&atilde;o pr&oacute;spero quanto o de Walter Pinheiro. Por outro lado, sua indica&ccedil;&atilde;o seria uma forma de o PT prestigiar a bancada do Rio de Janeiro.<\/p>\n<p>Na noite de quarta-feira, a bancada do PT ficou reunida at&eacute; 1h da madrugada discutindo o desenho do partido neste ano legislativo e a sucess&atilde;o na comiss&atilde;o, mas n&atilde;o chegou a nenhuma conclus&atilde;o sobre a presid&ecirc;ncia. Os assuntos est&atilde;o interligados, j&aacute; que Pinheiro &eacute; hoje vice-l&iacute;der do governo e sua eventual escolha para presidir o grupo da Ci&ecirc;ncia e Tecnologia deixaria outra vaga importante para ser ocupada pelo PT.<\/p>\n<p>Os mais otimistas acreditam que o partido conseguir&aacute; fechar o nome para a comiss&atilde;o de comunica&ccedil;&atilde;o at&eacute; a segunda-feira, 3 de mar&ccedil;o.<\/p>\n","protected":false},"excerpt":{"rendered":"<p>Da&nbsp;TELA VIVA News A disputa pela presid&ecirc;ncia da Comiss&atilde;o de Ci&ecirc;ncia, Tecnologia e Comunica&ccedil;&atilde;o (CCTCI) da C&acirc;mara dos Deputados dever&aacute; continuar at&eacute; a pr&oacute;xima semana. Esta &eacute; a avalia&ccedil;&atilde;o dos assessores das lideran&ccedil;as do PT e do governo e de observadores dos debates que o partido tem travado para a escolha do sucessor de J&uacute;lio &hellip; <a href=\"https:\/\/obscom.intervozes.org.br\/?p=20573\" class=\"more-link\">Continue lendo <span class=\"screen-reader-text\">C\u00e2mara do Deputados: Pinheiro e Bittar disputam sucess\u00e3o da Comiss\u00e3o de Ci\u00eancia e Tecnologia<\/span> <span class=\"meta-nav\">&rarr;<\/span><\/a><\/p>\n","protected":false},"author":1,"featured_media":0,"comment_status":"open","ping_status":"open","sticky":false,"template":"","format":"standard","meta":{"footnotes":""},"categories":[39],"tags":[],"_links":{"self":[{"href":"https:\/\/obscom.intervozes.org.br\/index.php?rest_route=\/wp\/v2\/posts\/20573"}],"collection":[{"href":"https:\/\/obscom.intervozes.org.br\/index.php?rest_route=\/wp\/v2\/posts"}],"about":[{"href":"https:\/\/obscom.intervozes.org.br\/index.php?rest_route=\/wp\/v2\/types\/post"}],"author":[{"embeddable":true,"href":"https:\/\/obscom.intervozes.org.br\/index.php?rest_route=\/wp\/v2\/users\/1"}],"replies":[{"embeddable":true,"href":"https:\/\/obscom.intervozes.org.br\/index.php?rest_route=%2Fwp%2Fv2%2Fcomments&post=20573"}],"version-history":[{"count":0,"href":"https:\/\/obscom.intervozes.org.br\/index.php?rest_route=\/wp\/v2\/posts\/20573\/revisions"}],"wp:attachment":[{"href":"https:\/\/obscom.intervozes.org.br\/index.php?rest_route=%2Fwp%2Fv2%2Fmedia&parent=20573"}],"wp:term":[{"taxonomy":"category","embeddable":true,"href":"https:\/\/obscom.intervozes.org.br\/index.php?rest_route=%2Fwp%2Fv2%2Fcategories&post=20573"},{"taxonomy":"post_tag","embeddable":true,"href":"https:\/\/obscom.intervozes.org.br\/index.php?rest_route=%2Fwp%2Fv2%2Ftags&post=20573"}],"curies":[{"name":"wp","href":"https:\/\/api.w.org\/{rel}","templated":true}]}}