{"id":20571,"date":"2008-02-28T16:27:39","date_gmt":"2008-02-28T16:27:39","guid":{"rendered":"https:\/\/obscom.intervozes.org.br\/wordpress\/?p=20571"},"modified":"2008-02-28T16:27:39","modified_gmt":"2008-02-28T16:27:39","slug":"ministerio-da-justica-inicia-pesquisa-de-opiniao-sobre-habitos-de-consumo-de-tv","status":"publish","type":"post","link":"https:\/\/obscom.intervozes.org.br\/?p=20571","title":{"rendered":"Minist\u00e9rio da Justi\u00e7a inicia pesquisa de opini\u00e3o sobre h\u00e1bitos de consumo de TV"},"content":{"rendered":"<p>O Minist&eacute;rio da Justi&ccedil;a deu in&iacute;cio a uma pesquisa nacional para avaliar como os pais ou respons&aacute;veis percebem a influ&ecirc;ncia de programas de televis&atilde;o no comportamento dos filhos. A iniciativa &eacute; da Secretaria Nacional de Justi&ccedil;a, realizada por meio do Departamento de Classifica&ccedil;&atilde;o, T&iacute;tulos e Qualifica&ccedil;&atilde;o (Dejus).<\/p>\n<p>A pesquisa &ldquo;Radiodifus&atilde;o de Conte&uacute;do Inadequado, a Classifica&ccedil;&atilde;o Indicativa e os Direitos Humanos&rdquo; tamb&eacute;m pretende avaliar v&aacute;rios outros pontos importantes, como a percep&ccedil;&atilde;o das crian&ccedil;as sobre cenas de sexo, drogas e viol&ecirc;ncia; quanto tempo elas passam em frente &agrave; TV; e os programas preferidos.<\/p>\n<p>Ser&atilde;o entrevistadas duas mil crian&ccedil;as e adolescentes, e dois mil adultos em todo o pa&iacute;s. Nas 11 regi&otilde;es metropolitanas contempladas pelo Programa Nacional de Seguran&ccedil;a com Cidadania (Pronasci) ser&aacute; poss&iacute;vel verificar se a exposi&ccedil;&atilde;o constante a conte&uacute;dos audiovisuais inadequados pode, de fato, provocar um comportamento agressivo no telespectador. <\/p>\n<p>O instituto respons&aacute;vel pela aplica&ccedil;&atilde;o e tabula&ccedil;&atilde;o do estudo &eacute; a Microbank, vencedora do preg&atilde;o realizado em dezembro de 2007. Nas pr&oacute;ximas seis semanas, a empresa vai efetuar a pesquisa de campo e entregar um relat&oacute;rio final ao Minist&eacute;rio da Justi&ccedil;a. O resultado final deve ser divulgado em abril.<\/p>\n","protected":false},"excerpt":{"rendered":"<p>O Minist&eacute;rio da Justi&ccedil;a deu in&iacute;cio a uma pesquisa nacional para avaliar como os pais ou respons&aacute;veis percebem a influ&ecirc;ncia de programas de televis&atilde;o no comportamento dos filhos. A iniciativa &eacute; da Secretaria Nacional de Justi&ccedil;a, realizada por meio do Departamento de Classifica&ccedil;&atilde;o, T&iacute;tulos e Qualifica&ccedil;&atilde;o (Dejus). A pesquisa &ldquo;Radiodifus&atilde;o de Conte&uacute;do Inadequado, a Classifica&ccedil;&atilde;o &hellip; <a href=\"https:\/\/obscom.intervozes.org.br\/?p=20571\" class=\"more-link\">Continue lendo <span class=\"screen-reader-text\">Minist\u00e9rio da Justi\u00e7a inicia pesquisa de opini\u00e3o sobre h\u00e1bitos de consumo de TV<\/span> <span class=\"meta-nav\">&rarr;<\/span><\/a><\/p>\n","protected":false},"author":1,"featured_media":0,"comment_status":"open","ping_status":"open","sticky":false,"template":"","format":"standard","meta":{"footnotes":""},"categories":[40],"tags":[373],"_links":{"self":[{"href":"https:\/\/obscom.intervozes.org.br\/index.php?rest_route=\/wp\/v2\/posts\/20571"}],"collection":[{"href":"https:\/\/obscom.intervozes.org.br\/index.php?rest_route=\/wp\/v2\/posts"}],"about":[{"href":"https:\/\/obscom.intervozes.org.br\/index.php?rest_route=\/wp\/v2\/types\/post"}],"author":[{"embeddable":true,"href":"https:\/\/obscom.intervozes.org.br\/index.php?rest_route=\/wp\/v2\/users\/1"}],"replies":[{"embeddable":true,"href":"https:\/\/obscom.intervozes.org.br\/index.php?rest_route=%2Fwp%2Fv2%2Fcomments&post=20571"}],"version-history":[{"count":0,"href":"https:\/\/obscom.intervozes.org.br\/index.php?rest_route=\/wp\/v2\/posts\/20571\/revisions"}],"wp:attachment":[{"href":"https:\/\/obscom.intervozes.org.br\/index.php?rest_route=%2Fwp%2Fv2%2Fmedia&parent=20571"}],"wp:term":[{"taxonomy":"category","embeddable":true,"href":"https:\/\/obscom.intervozes.org.br\/index.php?rest_route=%2Fwp%2Fv2%2Fcategories&post=20571"},{"taxonomy":"post_tag","embeddable":true,"href":"https:\/\/obscom.intervozes.org.br\/index.php?rest_route=%2Fwp%2Fv2%2Ftags&post=20571"}],"curies":[{"name":"wp","href":"https:\/\/api.w.org\/{rel}","templated":true}]}}