{"id":20568,"date":"2008-02-28T15:04:13","date_gmt":"2008-02-28T15:04:13","guid":{"rendered":"https:\/\/obscom.intervozes.org.br\/wordpress\/?p=20568"},"modified":"2008-02-28T15:04:13","modified_gmt":"2008-02-28T15:04:13","slug":"sob-criticas-lei-de-radios-comunitarias-completa-10-anos","status":"publish","type":"post","link":"https:\/\/obscom.intervozes.org.br\/?p=20568","title":{"rendered":"Sob cr\u00edticas, lei de r\u00e1dios comunit\u00e1rias completa 10 anos"},"content":{"rendered":"<p>Os 10 anos da lei 9.612, que regulamenta a radiodifus&atilde;o comunit&aacute;ria no Brasil, foram lembrados no dia 19, na Cinel&acirc;ndia, de maneira cr&iacute;tica e reabriu espa&ccedil;o para velhas reivindica&ccedil;&otilde;es do setor. &quot;Na &eacute;poca, fizemos uma pesquisa no Congresso Nacional e constatamos que 70% dos parlamentares ou eram donos diretos ou representavam os interesses de donos de r&aacute;dio e TV comercial. Por isso, sab&iacute;amos que seria uma lei que n&atilde;o atenderia as necessidades de uma r&aacute;dio comunit&aacute;ria&quot;, disse o coordenador da Rede Viva Rio de R&aacute;dios Comunit&aacute;rias, Ti&atilde;o Santos.<\/p>\n<p>As organiza&ccedil;&otilde;es ligadas &agrave;s r&aacute;dios comunit&aacute;rias consideram a atual lei antidemocr&aacute;tica e exigem mudan&ccedil;as. &quot;As r&aacute;dios comerciais t&ecirc;m todos os direitos do mundo: sua pot&ecirc;ncia &eacute; praticamente ilimitada e s&atilde;o isentas de impostos. J&aacute; as r&aacute;dios comunit&aacute;rias t&ecirc;m que atuar com apenas um canal, o alcance determinado &eacute; de 25 watts, enquanto as comerciais t&ecirc;m at&eacute; mil watts. N&oacute;s s&oacute; podemos atuar em um raio de mil metros e n&atilde;o temos direito ao comercial e &agrave; prote&ccedil;&atilde;o se houver algum tipo de interfer&ecirc;ncia. A ess&ecirc;ncia da lei &eacute; positiva, talvez seja o que h&aacute; mais de concreto em n&iacute;vel de regula&ccedil;&atilde;o de comunica&ccedil;&atilde;o p&uacute;blica. No entanto, em quest&otilde;es t&eacute;cnicas &eacute; extremamente restritiva, colocando as r&aacute;dios comunit&aacute;rias como algo pequeno e insignificante&quot;, afirmou Ti&atilde;o Santos.<\/p>\n<p>Segundo Ti&atilde;o Santos, foram criados dois grupos de trabalho no governo Lula para agilizar e dar transpar&ecirc;ncia aos processos que modificariam a lei, mas os relat&oacute;rios produzidos com a participa&ccedil;&atilde;o popular foram engavetados. &quot;Queremos que o presidente encaminhe imediatamente ao Congresso Nacional, assim como fez com a soja transg&ecirc;nica para beneficiar os empres&aacute;rios, uma Medida Provis&oacute;ria ou um Projeto de Lei que prev&ecirc; a descriminaliza&ccedil;&atilde;o das r&aacute;dios comunit&aacute;rias. N&atilde;o &eacute; poss&iacute;vel que um pa&iacute;s democr&aacute;tico trate a r&aacute;dio comunit&aacute;ria como algo criminoso. &Eacute; um absurdo, isso n&atilde;o cabe no Brasil de hoje&quot;.<\/p>\n<p><strong>Conselhos de Comunica&ccedil;&atilde;o Social<\/p>\n<p><\/strong>De acordo com o coordenador administrativo da Central de Desenvolvimento de R&aacute;dio Difus&atilde;o Comunit&aacute;ria do Grande Rio, &Acirc;ngelo Jos&eacute; Ign&aacute;cio, o movimento reivindica a&ccedil;&otilde;es a n&iacute;vel municipal, estadual e federal. A id&eacute;ia &eacute; criar Conselhos de Comunica&ccedil;&atilde;o Social e destinar 1% da verba destinadas ao munic&iacute;pio, estado e federa&ccedil;&atilde;o para esta cadeira.<\/p>\n<p>&quot;Estamos organizando frentes parlamentares em favor das r&aacute;dios comunit&aacute;rias. No n&iacute;vel estadual as coisas j&aacute; est&atilde;o mais adiantadas. O Carlos Minc j&aacute; fez a lei que prev&ecirc; a cria&ccedil;&atilde;o do Conselho Estadual de Comunica&ccedil;&atilde;o Social, mas precisa ser regulamentada e aprovada pelo governador. No n&iacute;vel federal, o Crivela prop&ocirc;s a municipaliza&ccedil;&atilde;o das r&aacute;dios. A Constitui&ccedil;&atilde;o diz que o que est&aacute; dentro do munic&iacute;pio &eacute; de responsabilidade do executivo municipal e a freq&uuml;&ecirc;ncia da r&aacute;dio n&atilde;o passa dos limites do munic&iacute;pio. Mas o prefeito n&atilde;o nos atendeu&quot;, disse.<\/p>\n<p><strong>Criminaliza&ccedil;&atilde;o<\/p>\n<p><\/strong>Segundo Ti&atilde;o Santos, o governo de Lula fechou mais r&aacute;dios comunit&aacute;rias do que o governo de Fernando Henrique. &quot;O governo federal &eacute; quem mais manda campanhas educativas de sa&uacute;de e seguran&ccedil;a p&uacute;blica para as r&aacute;dios atuarem com esses programas nas comunidades, mas n&atilde;o h&aacute; contrapartida. A &uacute;nica contrapartida que temos &eacute; a repress&atilde;o, pris&otilde;es de companheiros e seq&uuml;estros de equipamentos&quot;, afirmou.<\/p>\n<p>A r&aacute;dio Pop-Goiaba, que funcionava com outorga h&aacute; seis anos no campus da UFF, convive com constantes invas&otilde;es da Pol&iacute;cia Federal. Em 2006, segundo um dos integrantes da Pop-Goiaba, Daniel Vidal, a Ag&ecirc;ncia Nacional de Telecomunica&ccedil;&otilde;es (Anatel) fechou a r&aacute;dio de maneira arbitr&aacute;ria. &quot;A Anatel alegou que n&atilde;o t&iacute;nhamos especificado o nosso funcionamento no protocolo, corremos atr&aacute;s com um advogado e reavemos a r&aacute;dio. A nossa penalidade foi fazer spots para entidades comunit&aacute;rias, falamos para o juiz que seria uma satisfa&ccedil;&atilde;o. Eles levaram v&aacute;rios equipamentos para serem periciados. J&aacute; estamos h&aacute; seis meses no ar, mas funcionamos h&aacute; quase tr&ecirc;s quil&ocirc;metros da UFF, no Largo da Batalha&quot;.<\/p>\n<p>Daniel aproveita para esclarecer que as r&aacute;dios comunit&aacute;rias n&atilde;o derrubam avi&otilde;es, como t&ecirc;m dito os meios de comunica&ccedil;&atilde;o da burguesia. &quot;Com 25 watts a nossa freq&uuml;&ecirc;ncia n&atilde;o consegue ultrapassar um morro pequeno, o alcance &eacute; limitado. Queremos democratizar a comunica&ccedil;&atilde;o, potencializar a voz da comunidade, colocar o artista local para cantar e fortalecer a cultura nacional&quot;.<\/p>\n","protected":false},"excerpt":{"rendered":"<p>Os 10 anos da lei 9.612, que regulamenta a radiodifus&atilde;o comunit&aacute;ria no Brasil, foram lembrados no dia 19, na Cinel&acirc;ndia, de maneira cr&iacute;tica e reabriu espa&ccedil;o para velhas reivindica&ccedil;&otilde;es do setor. &quot;Na &eacute;poca, fizemos uma pesquisa no Congresso Nacional e constatamos que 70% dos parlamentares ou eram donos diretos ou representavam os interesses de donos &hellip; <a href=\"https:\/\/obscom.intervozes.org.br\/?p=20568\" class=\"more-link\">Continue lendo <span class=\"screen-reader-text\">Sob cr\u00edticas, lei de r\u00e1dios comunit\u00e1rias completa 10 anos<\/span> <span class=\"meta-nav\">&rarr;<\/span><\/a><\/p>\n","protected":false},"author":1,"featured_media":0,"comment_status":"open","ping_status":"open","sticky":false,"template":"","format":"standard","meta":{"footnotes":""},"categories":[40],"tags":[247],"_links":{"self":[{"href":"https:\/\/obscom.intervozes.org.br\/index.php?rest_route=\/wp\/v2\/posts\/20568"}],"collection":[{"href":"https:\/\/obscom.intervozes.org.br\/index.php?rest_route=\/wp\/v2\/posts"}],"about":[{"href":"https:\/\/obscom.intervozes.org.br\/index.php?rest_route=\/wp\/v2\/types\/post"}],"author":[{"embeddable":true,"href":"https:\/\/obscom.intervozes.org.br\/index.php?rest_route=\/wp\/v2\/users\/1"}],"replies":[{"embeddable":true,"href":"https:\/\/obscom.intervozes.org.br\/index.php?rest_route=%2Fwp%2Fv2%2Fcomments&post=20568"}],"version-history":[{"count":0,"href":"https:\/\/obscom.intervozes.org.br\/index.php?rest_route=\/wp\/v2\/posts\/20568\/revisions"}],"wp:attachment":[{"href":"https:\/\/obscom.intervozes.org.br\/index.php?rest_route=%2Fwp%2Fv2%2Fmedia&parent=20568"}],"wp:term":[{"taxonomy":"category","embeddable":true,"href":"https:\/\/obscom.intervozes.org.br\/index.php?rest_route=%2Fwp%2Fv2%2Fcategories&post=20568"},{"taxonomy":"post_tag","embeddable":true,"href":"https:\/\/obscom.intervozes.org.br\/index.php?rest_route=%2Fwp%2Fv2%2Ftags&post=20568"}],"curies":[{"name":"wp","href":"https:\/\/api.w.org\/{rel}","templated":true}]}}