{"id":20565,"date":"2008-02-28T14:18:16","date_gmt":"2008-02-28T14:18:16","guid":{"rendered":"https:\/\/obscom.intervozes.org.br\/wordpress\/?p=20565"},"modified":"2008-02-28T14:18:16","modified_gmt":"2008-02-28T14:18:16","slug":"medida-provisoria-da-ebc-ja-esta-no-senado-governo-teme-mudancas-no-texto","status":"publish","type":"post","link":"https:\/\/obscom.intervozes.org.br\/?p=20565","title":{"rendered":"Medida Provis\u00f3ria da EBC j\u00e1 est\u00e1 no Senado; governo teme mudan\u00e7as no texto"},"content":{"rendered":"<p><span>Um dia ap&oacute;s ser aprovada na C&acirc;mara dos Deputados, com a vota&ccedil;&atilde;o dos destaques, a Medida Provis&oacute;ria que cria a Empresa Brasil de Comunica&ccedil;&atilde;o (EBC), mais conhecida como TV p&uacute;blica, j&aacute; est&aacute; na ordem do dia do Senado, obstruindo a pauta de vota&ccedil;&atilde;o. <\/span><span>A MP foi inclu&iacute;da automaticamente na ordem do dia, uma vez que j&aacute; est&aacute; esgotado o prazo de 45 dias determinado pela Constitui&ccedil;&atilde;o para a vota&ccedil;&atilde;o, a partir da edi&ccedil;&atilde;o pelo presidente da Rep&uacute;blica.<\/p>\n<p><\/span><span>Segundo o portal especializado Tela Viva News, o governo est&aacute; preocupado com a possibilidade de mudan&ccedil;as no texto no Senado, j&aacute; que, se isso acontecer, a Medida Provis&oacute;ria&nbsp;volta para a C&acirc;mara e a&iacute; os prazos de tramita&ccedil;&atilde;o seriam insuficientes, uma vez que a MP perde a validade no in&iacute;cio de mar&ccedil;o.<\/p>\n<p>Os senadores devem ser pressionados especialmente em rela&ccedil;&atilde;o a dois pontos: o setor de TV por assinatura quer derrubar o artigo que obriga a transmiss&atilde;o da TV Brasil e da NBR em qualquer plataforma, e, principalmente, as emissoras de TV aberta pretendem abrir fogo contra o artigo que repassa &agrave; TV Brasil eventos esportivos em que o Brasil esteja representado e que n&atilde;o sejam utilizados na TV aberta comercial. <\/span><\/p>\n","protected":false},"excerpt":{"rendered":"<p>Um dia ap&oacute;s ser aprovada na C&acirc;mara dos Deputados, com a vota&ccedil;&atilde;o dos destaques, a Medida Provis&oacute;ria que cria a Empresa Brasil de Comunica&ccedil;&atilde;o (EBC), mais conhecida como TV p&uacute;blica, j&aacute; est&aacute; na ordem do dia do Senado, obstruindo a pauta de vota&ccedil;&atilde;o. A MP foi inclu&iacute;da automaticamente na ordem do dia, uma vez que &hellip; <a href=\"https:\/\/obscom.intervozes.org.br\/?p=20565\" class=\"more-link\">Continue lendo <span class=\"screen-reader-text\">Medida Provis\u00f3ria da EBC j\u00e1 est\u00e1 no Senado; governo teme mudan\u00e7as no texto<\/span> <span class=\"meta-nav\">&rarr;<\/span><\/a><\/p>\n","protected":false},"author":1,"featured_media":0,"comment_status":"open","ping_status":"open","sticky":false,"template":"","format":"standard","meta":{"footnotes":""},"categories":[39],"tags":[],"_links":{"self":[{"href":"https:\/\/obscom.intervozes.org.br\/index.php?rest_route=\/wp\/v2\/posts\/20565"}],"collection":[{"href":"https:\/\/obscom.intervozes.org.br\/index.php?rest_route=\/wp\/v2\/posts"}],"about":[{"href":"https:\/\/obscom.intervozes.org.br\/index.php?rest_route=\/wp\/v2\/types\/post"}],"author":[{"embeddable":true,"href":"https:\/\/obscom.intervozes.org.br\/index.php?rest_route=\/wp\/v2\/users\/1"}],"replies":[{"embeddable":true,"href":"https:\/\/obscom.intervozes.org.br\/index.php?rest_route=%2Fwp%2Fv2%2Fcomments&post=20565"}],"version-history":[{"count":0,"href":"https:\/\/obscom.intervozes.org.br\/index.php?rest_route=\/wp\/v2\/posts\/20565\/revisions"}],"wp:attachment":[{"href":"https:\/\/obscom.intervozes.org.br\/index.php?rest_route=%2Fwp%2Fv2%2Fmedia&parent=20565"}],"wp:term":[{"taxonomy":"category","embeddable":true,"href":"https:\/\/obscom.intervozes.org.br\/index.php?rest_route=%2Fwp%2Fv2%2Fcategories&post=20565"},{"taxonomy":"post_tag","embeddable":true,"href":"https:\/\/obscom.intervozes.org.br\/index.php?rest_route=%2Fwp%2Fv2%2Ftags&post=20565"}],"curies":[{"name":"wp","href":"https:\/\/api.w.org\/{rel}","templated":true}]}}