{"id":20560,"date":"2008-02-28T12:44:13","date_gmt":"2008-02-28T12:44:13","guid":{"rendered":"https:\/\/obscom.intervozes.org.br\/wordpress\/?p=20560"},"modified":"2008-02-28T12:44:13","modified_gmt":"2008-02-28T12:44:13","slug":"informalmente-comissao-de-ciencia-e-tecnologia-recebera-sugestoes-ao-pl-29","status":"publish","type":"post","link":"https:\/\/obscom.intervozes.org.br\/?p=20560","title":{"rendered":"Informalmente, Comiss\u00e3o de Ci\u00eancia e Tecnologia receber\u00e1 sugest\u00f5es ao PL-29"},"content":{"rendered":"<p>Da Tela Viva&nbsp; News<\/p>\n<p>A Comiss&atilde;o de Ci&ecirc;ncia, Tecnologia e Comunica&ccedil;&atilde;o dever&aacute; receber, at&eacute; o come&ccedil;o da pr&oacute;xima semana, os coment&aacute;rios que as empresas de TV por assinatura e as emissoras de TV aberta eventualmente tenham a fazer sobre o substitutivo do deputado Jorge Bittar (PT\/RJ) ao PL 29\/2007. O projeto &eacute; o que estabelece novas regras para o mercado de TV por assinatura. <\/p>\n<p>A consulta feita &agrave;s empresas &eacute; informal, j&aacute; que o prazo de emendas de deputados j&aacute; est&aacute; encerrado. Segundo o deputado Julio Semeghini (PSDB\/SP), presidente da comiss&atilde;o, a id&eacute;ia &eacute; acertar os pontos de arestas para que o projeto tenha melhores chances de aprova&ccedil;&atilde;o e chegue forte ao Senado. Segundo Semeghini, as teles j&aacute; estariam satisfeitas com o projeto da forma como ele est&aacute;. <\/p>\n<p>As empresas de TV paga ainda n&atilde;o aceitaram a forma como as cotas est&atilde;o colocadas para programa&ccedil;&atilde;o e pretendem mostrar os efeitos negativos desse tipo de pol&iacute;tica. Por enquanto, este setor est&aacute; extremamente insatisfeito com a proposta. J&aacute; as TVs abertas pretendem trabalhar a quest&atilde;o das cotas de forma a deix&aacute;-las mais exeq&uuml;&iacute;veis. (Samuel Possebom)<\/p>\n","protected":false},"excerpt":{"rendered":"<p>Da Tela Viva&nbsp; News A Comiss&atilde;o de Ci&ecirc;ncia, Tecnologia e Comunica&ccedil;&atilde;o dever&aacute; receber, at&eacute; o come&ccedil;o da pr&oacute;xima semana, os coment&aacute;rios que as empresas de TV por assinatura e as emissoras de TV aberta eventualmente tenham a fazer sobre o substitutivo do deputado Jorge Bittar (PT\/RJ) ao PL 29\/2007. O projeto &eacute; o que estabelece &hellip; <a href=\"https:\/\/obscom.intervozes.org.br\/?p=20560\" class=\"more-link\">Continue lendo <span class=\"screen-reader-text\">Informalmente, Comiss\u00e3o de Ci\u00eancia e Tecnologia receber\u00e1 sugest\u00f5es ao PL-29<\/span> <span class=\"meta-nav\">&rarr;<\/span><\/a><\/p>\n","protected":false},"author":1,"featured_media":0,"comment_status":"open","ping_status":"open","sticky":false,"template":"","format":"standard","meta":{"footnotes":""},"categories":[39],"tags":[],"_links":{"self":[{"href":"https:\/\/obscom.intervozes.org.br\/index.php?rest_route=\/wp\/v2\/posts\/20560"}],"collection":[{"href":"https:\/\/obscom.intervozes.org.br\/index.php?rest_route=\/wp\/v2\/posts"}],"about":[{"href":"https:\/\/obscom.intervozes.org.br\/index.php?rest_route=\/wp\/v2\/types\/post"}],"author":[{"embeddable":true,"href":"https:\/\/obscom.intervozes.org.br\/index.php?rest_route=\/wp\/v2\/users\/1"}],"replies":[{"embeddable":true,"href":"https:\/\/obscom.intervozes.org.br\/index.php?rest_route=%2Fwp%2Fv2%2Fcomments&post=20560"}],"version-history":[{"count":0,"href":"https:\/\/obscom.intervozes.org.br\/index.php?rest_route=\/wp\/v2\/posts\/20560\/revisions"}],"wp:attachment":[{"href":"https:\/\/obscom.intervozes.org.br\/index.php?rest_route=%2Fwp%2Fv2%2Fmedia&parent=20560"}],"wp:term":[{"taxonomy":"category","embeddable":true,"href":"https:\/\/obscom.intervozes.org.br\/index.php?rest_route=%2Fwp%2Fv2%2Fcategories&post=20560"},{"taxonomy":"post_tag","embeddable":true,"href":"https:\/\/obscom.intervozes.org.br\/index.php?rest_route=%2Fwp%2Fv2%2Ftags&post=20560"}],"curies":[{"name":"wp","href":"https:\/\/api.w.org\/{rel}","templated":true}]}}