{"id":20558,"date":"2008-02-27T18:07:14","date_gmt":"2008-02-27T18:07:14","guid":{"rendered":"https:\/\/obscom.intervozes.org.br\/wordpress\/?p=20558"},"modified":"2008-02-27T18:07:14","modified_gmt":"2008-02-27T18:07:14","slug":"pt-fica-com-a-presidencia-da-comissao-de-ciencia-e-tecnologia-da-camara-dos-deputados","status":"publish","type":"post","link":"https:\/\/obscom.intervozes.org.br\/?p=20558","title":{"rendered":"PT fica com a Presid\u00eancia da Comiss\u00e3o de Ci\u00eancia e Tecnologia da C\u00e2mara dos Deputados"},"content":{"rendered":"<p>A presid&ecirc;ncia da Comiss&atilde;o de Ci&ecirc;ncia e Tecnologia, Comunica&ccedil;&atilde;o e Informa&ccedil;&atilde;o (CCTCI) da C&acirc;mara dos Deputados vai passar das m&atilde;os do PSDB para o PT. O acordo que define a composi&ccedil;&atilde;o das mesas-diretoras das comiss&otilde;es permanentes foi firmado pelas lideran&ccedil;as dos blocos partid&aacute;rios na manh&atilde; desta quarta-feira (27\/2). O deputado Walter Pinheiro (PT-BA) &eacute;, at&eacute; agora, o &uacute;nico nome mencionado para assumir a vaga na CCTCI. A indica&ccedil;&atilde;o do partido deve ser fechada ainda hoje, em reuni&atilde;o da bancada. A elei&ccedil;&atilde;o oficial dos novos presidentes de comiss&atilde;o ocorre amanh&atilde;.<\/p>\n<p>A CCTCI esteve em disputa entre tucanos e petistas por conta da sua fun&ccedil;&atilde;o-chave na tramita&ccedil;&atilde;o dos processos de renova&ccedil;&atilde;o das concess&otilde;es das principais redes de TV do pa&iacute;s, segundo informou a rep&oacute;rter Mariana Mazza, do TelaViva News. Na avalia&ccedil;&atilde;o dos partidos, ser respons&aacute;vel pela tramita&ccedil;&atilde;o destas renova&ccedil;&otilde;es em um ano eleitoral poderia ser um trunfo importante. O prazo das concess&otilde;es das cabe&ccedil;as-de-rede da Globo, Record e Bandeirantes e de algumas redes regionais, como a RBS, venceram em outubro do ano passado. Os processos encontram-se agora na Casa Civil e devem ser encaminhados em breve para o Congresso, onde s&atilde;o avaliados pela comiss&atilde;o. <\/p>\n<p>Al&eacute;m das renova&ccedil;&otilde;es de concess&otilde;es, a CCTCI ter&aacute; de lidar com quest&otilde;es espinhosas nos pr&oacute;ximos meses. Entre elas, a aprecia&ccedil;&atilde;o do Projeto de Lei 29, cujo relat&oacute;rio final est&aacute; sendo preparado pelo deputado Jorge Bittar (PR-RJ). O projeto regula os servi&ccedil;os de comunica&ccedil;&atilde;o de acesso condicionado, como a Internet e a TV por assinatura. Isso significa ter de lidar com a regula&ccedil;&atilde;o de setores tecnologicamente convergentes, mas cujos interesses econ&ocirc;micos mostram-se conflitantes.<\/p>\n<p>H&aacute; ainda a poss&iacute;vel abertura das discuss&otilde;es de um novo marco regulat&oacute;rio para as telecomunica&ccedil;&otilde;es. O Minist&eacute;rio das Comunica&ccedil;&otilde;es diz que abrir&aacute; uma consulta p&uacute;blica para come&ccedil;ar a delinear uma proposta. A CCTCI deve ser instada a fazer o contraponto do Legislativo neste debate. <\/p>\n<p>Da reda&ccedil;&atilde;o do Observat&oacute;rio do Direito &agrave; Comunica&ccedil;&atilde;o<\/p>\n","protected":false},"excerpt":{"rendered":"<p>A presid&ecirc;ncia da Comiss&atilde;o de Ci&ecirc;ncia e Tecnologia, Comunica&ccedil;&atilde;o e Informa&ccedil;&atilde;o (CCTCI) da C&acirc;mara dos Deputados vai passar das m&atilde;os do PSDB para o PT. O acordo que define a composi&ccedil;&atilde;o das mesas-diretoras das comiss&otilde;es permanentes foi firmado pelas lideran&ccedil;as dos blocos partid&aacute;rios na manh&atilde; desta quarta-feira (27\/2). O deputado Walter Pinheiro (PT-BA) &eacute;, at&eacute; &hellip; <a href=\"https:\/\/obscom.intervozes.org.br\/?p=20558\" class=\"more-link\">Continue lendo <span class=\"screen-reader-text\">PT fica com a Presid\u00eancia da Comiss\u00e3o de Ci\u00eancia e Tecnologia da C\u00e2mara dos Deputados<\/span> <span class=\"meta-nav\">&rarr;<\/span><\/a><\/p>\n","protected":false},"author":1,"featured_media":0,"comment_status":"open","ping_status":"open","sticky":false,"template":"","format":"standard","meta":{"footnotes":""},"categories":[39],"tags":[],"_links":{"self":[{"href":"https:\/\/obscom.intervozes.org.br\/index.php?rest_route=\/wp\/v2\/posts\/20558"}],"collection":[{"href":"https:\/\/obscom.intervozes.org.br\/index.php?rest_route=\/wp\/v2\/posts"}],"about":[{"href":"https:\/\/obscom.intervozes.org.br\/index.php?rest_route=\/wp\/v2\/types\/post"}],"author":[{"embeddable":true,"href":"https:\/\/obscom.intervozes.org.br\/index.php?rest_route=\/wp\/v2\/users\/1"}],"replies":[{"embeddable":true,"href":"https:\/\/obscom.intervozes.org.br\/index.php?rest_route=%2Fwp%2Fv2%2Fcomments&post=20558"}],"version-history":[{"count":0,"href":"https:\/\/obscom.intervozes.org.br\/index.php?rest_route=\/wp\/v2\/posts\/20558\/revisions"}],"wp:attachment":[{"href":"https:\/\/obscom.intervozes.org.br\/index.php?rest_route=%2Fwp%2Fv2%2Fmedia&parent=20558"}],"wp:term":[{"taxonomy":"category","embeddable":true,"href":"https:\/\/obscom.intervozes.org.br\/index.php?rest_route=%2Fwp%2Fv2%2Fcategories&post=20558"},{"taxonomy":"post_tag","embeddable":true,"href":"https:\/\/obscom.intervozes.org.br\/index.php?rest_route=%2Fwp%2Fv2%2Ftags&post=20558"}],"curies":[{"name":"wp","href":"https:\/\/api.w.org\/{rel}","templated":true}]}}