{"id":20550,"date":"2008-02-27T00:01:19","date_gmt":"2008-02-27T00:01:19","guid":{"rendered":"https:\/\/obscom.intervozes.org.br\/wordpress\/?p=20550"},"modified":"2008-02-27T00:01:19","modified_gmt":"2008-02-27T00:01:19","slug":"renovacao-de-concessoes-de-tv-esquenta-disputa-por-comissao","status":"publish","type":"post","link":"https:\/\/obscom.intervozes.org.br\/?p=20550","title":{"rendered":"Renova\u00e7\u00e3o de concess\u00f5es de TV esquenta disputa por comiss\u00e3o"},"content":{"rendered":"<p>H&aacute; uma batalha de bastidores no Congresso, sobretudo entre PT e PSDB, pela presid&ecirc;ncia da Comiss&atilde;o de Ci&ecirc;ncia, Tecnologia e Comunica&ccedil;&atilde;o da C&acirc;mara. Mas o foco n&atilde;o &eacute; a entrada da teles no mercado de TV por assinatura, as cotas de programa&ccedil;&atilde;o regional obrigat&oacute;ria e a compra da Brasil Telecom pela Oi, temas que em breve devem aportar na comiss&atilde;o. O real motivo de impasse &eacute; bem mais simples: o poder de an&aacute;lise das renova&ccedil;&otilde;es das concess&otilde;es de radiodifus&atilde;o das grandes TVs comerciais. Especialmente em 2008, quando a j&oacute;ia da coroa nessa seara estar&aacute; exposta aos deputados. Trata-se da renova&ccedil;&atilde;o da concess&atilde;o da TV Globo e outras concess&otilde;es importantes da Record, SBT e Bandeirantes.<\/p>\n<p>O processo de renova&ccedil;&atilde;o das concess&otilde;es j&aacute; foi iniciado pelo Minist&eacute;rio das Comunica&ccedil;&otilde;es e est&aacute; na Casa Civil, para ent&atilde;o ser enviado ao Congresso. O tema jamais esteve no topo da lista de prioridades dos partidos, mas agora tornou-se especialmente interessante, especialmente em um ano eleitoral, dada a envergadura dos grupos de comunica&ccedil;&atilde;o interessados, revelam fontes ouvidas por este notici&aacute;rio no Congresso.<\/p>\n<p>Ap&oacute;s mais uma reuni&atilde;o frustrada para tentar conciliar o PT e o PSDB, protagonistas nessa disputa, os deputados j&aacute; n&atilde;o faziam mais tanto segredo sobre a verdadeira motiva&ccedil;&atilde;o para arrematar a cadeira. &quot;Neste ano tem a renova&ccedil;&atilde;o das concess&otilde;es, tem a implanta&ccedil;&atilde;o da TV digital&#8230; Essas coisas despertaram um certo interesse dos partidos&quot;, admitiu discretamente o l&iacute;der do PMDB na C&acirc;mara, Henrique Eduardo Alves (RN), a este notici&aacute;rio.<\/p>\n<p>Com a garantia de permanecerem an&ocirc;nimos, deputados de outros partidos s&atilde;o mais objetivos do Alves e garantem que o foco &eacute; a Globo. A leitura dos deputados &eacute; simples. &Agrave; frente da comiss&atilde;o, o partido vencedor teria, na interpreta&ccedil;&atilde;o dos parlamentares, uma vantagem para negociar com a maior rede de televis&atilde;o aberta do Pa&iacute;s, uma moeda que acreditam ser valiosa em ano de elei&ccedil;&otilde;es. O mesmo valeria para as outras emissoras cujas renova&ccedil;&otilde;es passam pelo escrut&iacute;nio da C&acirc;mara, na vis&atilde;o dos deputados ouvidos. Vale lembrar que esta &eacute; a vis&atilde;o que a alguns membros da comiss&atilde;o t&ecirc;m sobre o processo, n&atilde;o significiando contudo, que a barganha seja exeq&uuml;&iacute;vel.<\/p>\n<p><strong>Impasse<\/p>\n<p><\/strong>A briga tomou tal volume que toda a negocia&ccedil;&atilde;o de l&iacute;deres para a defini&ccedil;&atilde;o das presid&ecirc;ncias das comiss&otilde;es tem&aacute;ticas est&aacute; em um impasse. A id&eacute;ia original da Presid&ecirc;ncia da C&acirc;mara era manter as comiss&otilde;es com os mesmos partidos que exerceram as presid&ecirc;ncias no ano anterior. Seguindo esta regra, aparentemente a comiss&atilde;o de comunica&ccedil;&atilde;o ficaria com o PSDB &#8211; o deputado J&uacute;lio Semeghini (PSDB\/SP) foi o &uacute;ltimo presidente. Mas a negocia&ccedil;&atilde;o feita no ano passado atrapalha essa transi&ccedil;&atilde;o pac&iacute;fica.<\/p>\n<p>Em princ&iacute;pio, a Comiss&atilde;o de Ci&ecirc;ncia e Tecnologia e Comunica&ccedil;&atilde;o era da cota do PT em 2007 e foi negociada por fora com o PSDB. A cadeirafoi uma das barganhas usadas pelo governo no acordo para a elei&ccedil;&atilde;o do atual presidente da C&acirc;mara, deputado Arlindo Chinaglia (PT\/SP). Ent&atilde;o, paira agora a d&uacute;vida de quem seria o &quot;propriet&aacute;rio&quot; da presid&ecirc;ncia. O PSDB entende que o acordo lhe dava a comiss&atilde;o tamb&eacute;m em 2008. O PT alega que a troca era v&aacute;lida apenas em 2007.<\/p>\n<p><strong>Bases<\/p>\n<p><\/strong>O jogo pol&iacute;tico envolve tamb&eacute;m grandes partidos aliados de ambas &agrave;s partes. Do lado da oposi&ccedil;&atilde;o est&aacute; o DEM, que teria entrado na disputa pela vaga com a inten&ccedil;&atilde;o de repass&aacute;-la ao PSDB em caso de vit&oacute;ria ou colocar um nome de consenso entre os dois partidos. O nome que circulou nos &uacute;ltimos dias seria o de Paulo Bornhausen (DEM\/SC).<\/p>\n<p>Do lado do PT est&aacute; o PMDB, que fez a solicita&ccedil;&atilde;o da reuni&atilde;o realizada nesta ter&ccedil;a-feira, 26. A negocia&ccedil;&atilde;o com o PMDB envolveu outras comiss&atilde;o, como a de Minas e Energia, em troca de o partido tomar a dianteira na briga com o PSDB. A id&eacute;ia seria o PMDB pegar a Comiss&atilde;o de Ci&ecirc;ncia e Tecnologia e repass&aacute;-la para um indicado do PT. Nesta ter&ccedil;a-feira, o nome mais cotado seria o do deputado Walter Pinheiro (PT\/BA).<\/p>\n<p><strong>Nova rodada<\/p>\n<p><\/strong>O presidente da C&acirc;mara, deputado Arlindo Chinaglia, anunciou durante a Ordem do Dia no Plen&aacute;rio, nesta ter&ccedil;a, 26, que ir&aacute; retomar a reuni&atilde;o dos l&iacute;deres nessa quarta-feira, 27, &agrave;s 10h. &quot;Se houver acordo, resolvemos em cinco minutos. Se n&atilde;o houver, a gente fica uma meia hora e define as presid&ecirc;ncias&quot;, afirmou Chinaglia. Ao concordar com a agenda proposta pelo presidente, o l&iacute;der do DEM na C&acirc;mara, deputado Antonio Carlos Magalh&atilde;es Neto (BA), n&atilde;o deixou d&uacute;vidas sobre quais os partidos que est&atilde;o realmente em conflito. &quot;Fa&ccedil;o um apelo para que os l&iacute;deres do PT e do PSDB trabalhem para chegar a um acordo sobre as comiss&otilde;es.&quot; <\/p>\n","protected":false},"excerpt":{"rendered":"<p>H&aacute; uma batalha de bastidores no Congresso, sobretudo entre PT e PSDB, pela presid&ecirc;ncia da Comiss&atilde;o de Ci&ecirc;ncia, Tecnologia e Comunica&ccedil;&atilde;o da C&acirc;mara. Mas o foco n&atilde;o &eacute; a entrada da teles no mercado de TV por assinatura, as cotas de programa&ccedil;&atilde;o regional obrigat&oacute;ria e a compra da Brasil Telecom pela Oi, temas que em &hellip; <a href=\"https:\/\/obscom.intervozes.org.br\/?p=20550\" class=\"more-link\">Continue lendo <span class=\"screen-reader-text\">Renova\u00e7\u00e3o de concess\u00f5es de TV esquenta disputa por comiss\u00e3o<\/span> <span class=\"meta-nav\">&rarr;<\/span><\/a><\/p>\n","protected":false},"author":1,"featured_media":0,"comment_status":"open","ping_status":"open","sticky":false,"template":"","format":"standard","meta":{"footnotes":""},"categories":[40],"tags":[164],"_links":{"self":[{"href":"https:\/\/obscom.intervozes.org.br\/index.php?rest_route=\/wp\/v2\/posts\/20550"}],"collection":[{"href":"https:\/\/obscom.intervozes.org.br\/index.php?rest_route=\/wp\/v2\/posts"}],"about":[{"href":"https:\/\/obscom.intervozes.org.br\/index.php?rest_route=\/wp\/v2\/types\/post"}],"author":[{"embeddable":true,"href":"https:\/\/obscom.intervozes.org.br\/index.php?rest_route=\/wp\/v2\/users\/1"}],"replies":[{"embeddable":true,"href":"https:\/\/obscom.intervozes.org.br\/index.php?rest_route=%2Fwp%2Fv2%2Fcomments&post=20550"}],"version-history":[{"count":0,"href":"https:\/\/obscom.intervozes.org.br\/index.php?rest_route=\/wp\/v2\/posts\/20550\/revisions"}],"wp:attachment":[{"href":"https:\/\/obscom.intervozes.org.br\/index.php?rest_route=%2Fwp%2Fv2%2Fmedia&parent=20550"}],"wp:term":[{"taxonomy":"category","embeddable":true,"href":"https:\/\/obscom.intervozes.org.br\/index.php?rest_route=%2Fwp%2Fv2%2Fcategories&post=20550"},{"taxonomy":"post_tag","embeddable":true,"href":"https:\/\/obscom.intervozes.org.br\/index.php?rest_route=%2Fwp%2Fv2%2Ftags&post=20550"}],"curies":[{"name":"wp","href":"https:\/\/api.w.org\/{rel}","templated":true}]}}