{"id":20549,"date":"2008-02-26T20:01:34","date_gmt":"2008-02-26T20:01:34","guid":{"rendered":"https:\/\/obscom.intervozes.org.br\/wordpress\/?p=20549"},"modified":"2008-02-26T20:01:34","modified_gmt":"2008-02-26T20:01:34","slug":"ebc-e-nacoes-unidas-assinam-acordo-de-difusao-de-informacoes","status":"publish","type":"post","link":"https:\/\/obscom.intervozes.org.br\/?p=20549","title":{"rendered":"EBC e Na\u00e7\u00f5es Unidas assinam acordo de difus\u00e3o de informa\u00e7\u00f5es"},"content":{"rendered":"<p>Rio de Janeiro &#8211; A Empresa Brasil de Comunica&ccedil;&atilde;o (EBC) assinou hoje (25) um conv&ecirc;nio de coopera&ccedil;&atilde;o com o Centro de Informa&ccedil;&atilde;o das Na&ccedil;&otilde;es Unidas para o Brasil (UNIC Rio de Janeiro) e com o Servi&ccedil;o de R&aacute;dio e Televis&atilde;o da Organiza&ccedil;&atilde;o das Na&ccedil;&otilde;es Unidas (ONU). <\/p>\n<p>Um dos objetivos do acordo &eacute; melhorar a difus&atilde;o no Brasil de not&iacute;cias internacionais e atividades da ONU. Para isso, a organiza&ccedil;&atilde;o internacional oferece &agrave; EBC a possibilidade de veicula&ccedil;&atilde;o de seus produtos audiovisuais, al&eacute;m da colabora&ccedil;&atilde;o para a produ&ccedil;&atilde;o de mat&eacute;rias e programas que sejam de m&uacute;tuo interesse. J&aacute; a TV Brasil ceder&aacute; suas instala&ccedil;&otilde;es e equipamentos para a produ&ccedil;&atilde;o, edi&ccedil;&atilde;o e legendagem de mat&eacute;rias jornal&iacute;sticas da ONU.<\/p>\n<p>Este foi o primeiro conv&ecirc;nio assinado pela empresa, fato que &quot;demonstra o universalismo da TV p&uacute;blica&quot;, afirmou a presidente da EBC, Tereza Cruvinel. <\/p>\n<p>Durante a solenidade de assinatura do conv&ecirc;nio, a chefe do Servi&ccedil;o em Portugu&ecirc;s da R&aacute;dio ONU, M&ocirc;nica Villela Grayley, em nome da diretora de R&aacute;dio e TV, Susan Farkas, afirmou que &quot;os brasileiros representam e formam uma audi&ecirc;ncia importante para as Na&ccedil;&otilde;es Unidas&quot;. <\/p>\n<p>Giancarlo Summa, diretor do UNIC Rio de Janeiro, destacou que &quot;a cria&ccedil;&atilde;o da EBC &eacute; um passo importante na democratiza&ccedil;&atilde;o da informa&ccedil;&atilde;o no pa&iacute;s&quot;. <\/p>\n","protected":false},"excerpt":{"rendered":"<p>Rio de Janeiro &#8211; A Empresa Brasil de Comunica&ccedil;&atilde;o (EBC) assinou hoje (25) um conv&ecirc;nio de coopera&ccedil;&atilde;o com o Centro de Informa&ccedil;&atilde;o das Na&ccedil;&otilde;es Unidas para o Brasil (UNIC Rio de Janeiro) e com o Servi&ccedil;o de R&aacute;dio e Televis&atilde;o da Organiza&ccedil;&atilde;o das Na&ccedil;&otilde;es Unidas (ONU). Um dos objetivos do acordo &eacute; melhorar a difus&atilde;o &hellip; <a href=\"https:\/\/obscom.intervozes.org.br\/?p=20549\" class=\"more-link\">Continue lendo <span class=\"screen-reader-text\">EBC e Na\u00e7\u00f5es Unidas assinam acordo de difus\u00e3o de informa\u00e7\u00f5es<\/span> <span class=\"meta-nav\">&rarr;<\/span><\/a><\/p>\n","protected":false},"author":1,"featured_media":0,"comment_status":"open","ping_status":"open","sticky":false,"template":"","format":"standard","meta":{"footnotes":""},"categories":[40],"tags":[60],"_links":{"self":[{"href":"https:\/\/obscom.intervozes.org.br\/index.php?rest_route=\/wp\/v2\/posts\/20549"}],"collection":[{"href":"https:\/\/obscom.intervozes.org.br\/index.php?rest_route=\/wp\/v2\/posts"}],"about":[{"href":"https:\/\/obscom.intervozes.org.br\/index.php?rest_route=\/wp\/v2\/types\/post"}],"author":[{"embeddable":true,"href":"https:\/\/obscom.intervozes.org.br\/index.php?rest_route=\/wp\/v2\/users\/1"}],"replies":[{"embeddable":true,"href":"https:\/\/obscom.intervozes.org.br\/index.php?rest_route=%2Fwp%2Fv2%2Fcomments&post=20549"}],"version-history":[{"count":0,"href":"https:\/\/obscom.intervozes.org.br\/index.php?rest_route=\/wp\/v2\/posts\/20549\/revisions"}],"wp:attachment":[{"href":"https:\/\/obscom.intervozes.org.br\/index.php?rest_route=%2Fwp%2Fv2%2Fmedia&parent=20549"}],"wp:term":[{"taxonomy":"category","embeddable":true,"href":"https:\/\/obscom.intervozes.org.br\/index.php?rest_route=%2Fwp%2Fv2%2Fcategories&post=20549"},{"taxonomy":"post_tag","embeddable":true,"href":"https:\/\/obscom.intervozes.org.br\/index.php?rest_route=%2Fwp%2Fv2%2Ftags&post=20549"}],"curies":[{"name":"wp","href":"https:\/\/api.w.org\/{rel}","templated":true}]}}