{"id":20541,"date":"2008-02-26T19:04:15","date_gmt":"2008-02-26T19:04:15","guid":{"rendered":"https:\/\/obscom.intervozes.org.br\/wordpress\/?p=20541"},"modified":"2008-02-26T19:04:15","modified_gmt":"2008-02-26T19:04:15","slug":"programacao-da-tv-brasil-comeca-a-mudar-em-marco","status":"publish","type":"post","link":"https:\/\/obscom.intervozes.org.br\/?p=20541","title":{"rendered":"Programa\u00e7\u00e3o da TV Brasil come\u00e7a a mudar em mar\u00e7o"},"content":{"rendered":"<p><span>A TV Brasil, emissora p&uacute;blica criada pelo governo federal no ano passado, vai mudar a sua programa&ccedil;&atilde;o atual, alvo de cr&iacute;ticas por ainda carregar supostos v&iacute;cios de televis&otilde;es oficiais, segundo mostrou reportagem publicada pelo Estado ontem. O diretor-geral da Empresa Brasil de Comunica&ccedil;&atilde;o (EBC), Orlando Senna, afirmou ontem que j&aacute; est&aacute; em curso um movimento de mudan&ccedil;as na grade de programa&ccedil;&atilde;o, em dois est&aacute;gios: um a ser conclu&iacute;do em mar&ccedil;o, outro em julho. <\/p>\n<p><\/span><span>Hoje, a EBC exibe programas herdados da antiga TVE Brasil e da Radiobr&aacute;s, com algumas novidades, como o notici&aacute;rio Rep&oacute;rter Brasil. O processo de mudan&ccedil;a, garantiu ele, ser&aacute; feito aos poucos &#8211; a identidade visual da TV, por exemplo, ainda n&atilde;o &eacute; definitiva. &ldquo;A TV Brasil ter&aacute; uma cara reconhec&iacute;vel&rdquo;, disse Senna.<\/p>\n<p><\/span><span>A presidente da EBC, Tereza Cruvinel, que &eacute; jornalista, afirmou que a grande renova&ccedil;&atilde;o da nova emissora ser&aacute; dada pelas produ&ccedil;&otilde;es independentes. &ldquo;TV n&atilde;o &eacute; como mat&eacute;ria de jornal, que a gente escreve num dia e sai logo no dia seguinte&rdquo;, explicou. Ela disse que o comando da empresa n&atilde;o contava com o &ldquo;atraso institucional&rdquo; na vota&ccedil;&atilde;o da medida provis&oacute;ria que cria a EBC e que s&oacute; deve ser conclu&iacute;da em mar&ccedil;o no Senado, mas declarou acreditar na aprova&ccedil;&atilde;o final. O texto-base j&aacute; foi aceito pela C&acirc;mara. Falta votar destaques, antes de ser encaminhado aos senadores. <\/p>\n<p><\/span><span>Uma das mudan&ccedil;as prometidas para a emissora ser&aacute; a designa&ccedil;&atilde;o de correspondentes para Buenos Aires e Caracas, a ser feita assim que a MP for aprovada e a nova empresa tiver or&ccedil;amento pr&oacute;prio. A diretora de Jornalismo da EBC, Helena Chagas, explicou que essas duas capitais latino-americanas ser&atilde;o as primeiras que receber&atilde;o rep&oacute;rteres em car&aacute;ter permanente. Nos Estados Unidos, a TV Brasil tamb&eacute;m dever&aacute; efetivar um profissional. O primeiro correspondente no exterior, contudo, come&ccedil;a a trabalhar em Angola em mar&ccedil;o. Depois, &eacute; prov&aacute;vel que seja fixado um rep&oacute;rter na Europa, em Genebra ou Bruxelas.<\/p>\n<p><\/span><span><strong>Planejamento<\/p>\n<p><\/strong><\/span><span>&ldquo;Estamos entrando na segunda fase do nosso trabalho&rdquo;, disse Helena. &ldquo;A primeira consistiu em colocar o Rep&oacute;rter Brasil no ar, &agrave; noite e de manh&atilde;. Tivemos um m&ecirc;s para isso, o que &eacute; uma loucura. Agora, queremos aprimorar o Rep&oacute;rter Brasil, corrigir e trocar a roda com o carro andando&rdquo;, adiantou.<\/p>\n<p><\/span><span>A EBC ainda comemora alguns n&uacute;meros de audi&ecirc;ncia no carnaval quando focou a festa popular nas ruas no Rio e em Salvador, em parceria com emissoras estatais estaduais.<\/p>\n<p><\/span><span>Ontem, a emissora assinou, no Rio de Janeiro, um memorando de entendimento com o Centro de Informa&ccedil;&otilde;es das Na&ccedil;&otilde;es Unidas para o Brasil (Unic Rio) e o United Nations Radio and Television Service. O acordo prev&ecirc; o recebimento, pela EBC, entre outros, do programa televisivo 21st Century, de document&aacute;rios de r&aacute;dio e televis&atilde;o, imagens, textos e outros materiais. A emissora dar&aacute; apoio t&eacute;cnico aos representantes da ONU, que treinar&aacute; profissionais em quest&otilde;es internacionais.<\/span><\/p>\n","protected":false},"excerpt":{"rendered":"<p>A TV Brasil, emissora p&uacute;blica criada pelo governo federal no ano passado, vai mudar a sua programa&ccedil;&atilde;o atual, alvo de cr&iacute;ticas por ainda carregar supostos v&iacute;cios de televis&otilde;es oficiais, segundo mostrou reportagem publicada pelo Estado ontem. O diretor-geral da Empresa Brasil de Comunica&ccedil;&atilde;o (EBC), Orlando Senna, afirmou ontem que j&aacute; est&aacute; em curso um movimento &hellip; <a href=\"https:\/\/obscom.intervozes.org.br\/?p=20541\" class=\"more-link\">Continue lendo <span class=\"screen-reader-text\">Programa\u00e7\u00e3o da TV Brasil come\u00e7a a mudar em mar\u00e7o<\/span> <span class=\"meta-nav\">&rarr;<\/span><\/a><\/p>\n","protected":false},"author":1,"featured_media":0,"comment_status":"open","ping_status":"open","sticky":false,"template":"","format":"standard","meta":{"footnotes":""},"categories":[40],"tags":[259],"_links":{"self":[{"href":"https:\/\/obscom.intervozes.org.br\/index.php?rest_route=\/wp\/v2\/posts\/20541"}],"collection":[{"href":"https:\/\/obscom.intervozes.org.br\/index.php?rest_route=\/wp\/v2\/posts"}],"about":[{"href":"https:\/\/obscom.intervozes.org.br\/index.php?rest_route=\/wp\/v2\/types\/post"}],"author":[{"embeddable":true,"href":"https:\/\/obscom.intervozes.org.br\/index.php?rest_route=\/wp\/v2\/users\/1"}],"replies":[{"embeddable":true,"href":"https:\/\/obscom.intervozes.org.br\/index.php?rest_route=%2Fwp%2Fv2%2Fcomments&post=20541"}],"version-history":[{"count":0,"href":"https:\/\/obscom.intervozes.org.br\/index.php?rest_route=\/wp\/v2\/posts\/20541\/revisions"}],"wp:attachment":[{"href":"https:\/\/obscom.intervozes.org.br\/index.php?rest_route=%2Fwp%2Fv2%2Fmedia&parent=20541"}],"wp:term":[{"taxonomy":"category","embeddable":true,"href":"https:\/\/obscom.intervozes.org.br\/index.php?rest_route=%2Fwp%2Fv2%2Fcategories&post=20541"},{"taxonomy":"post_tag","embeddable":true,"href":"https:\/\/obscom.intervozes.org.br\/index.php?rest_route=%2Fwp%2Fv2%2Ftags&post=20541"}],"curies":[{"name":"wp","href":"https:\/\/api.w.org\/{rel}","templated":true}]}}