{"id":20539,"date":"2008-02-26T12:04:04","date_gmt":"2008-02-26T12:04:04","guid":{"rendered":"https:\/\/obscom.intervozes.org.br\/wordpress\/?p=20539"},"modified":"2008-02-26T12:04:04","modified_gmt":"2008-02-26T12:04:04","slug":"justica-absolve-mais-tres-acusados-do-sequestro-de-profissionais-da-globo","status":"publish","type":"post","link":"https:\/\/obscom.intervozes.org.br\/?p=20539","title":{"rendered":"Justi\u00e7a absolve mais tr\u00eas acusados do seq\u00fcestro de profissionais da Globo"},"content":{"rendered":"<p>O juiz Djalma Rubens Lofrano Filho, da 7&ordf; Vara Criminal da Capital de S&atilde;o Paulo, decidiu que n&atilde;o h&aacute; provas de envolvimento de tr&ecirc;s acusados do seq&uuml;estro do rep&oacute;rter Guilherme Portanova e o auxiliar t&eacute;cnico Alexandre Calado, ambos da TV Globo, em agosto de 2006. Segundo o juiz, a a&ccedil;&atilde;o &eacute; improcedente, j&aacute; que n&atilde;o foram reunidas provas suficientes para amparar uma decis&atilde;o condenat&oacute;ria.<\/p>\n<p>Simone Barbaresco respondia pelo crime de quadrilha ou bando, enquanto Ivan Raymondi Barbosa e Anderson Luis de Jesus pelos crimes de roubo, furto, extors&atilde;o mediante seq&uuml;estro, forma&ccedil;&atilde;o de quadrilha ou banco e inc&ecirc;ndio doloso. As den&uacute;ncias foram feitas pelo Minist&eacute;rio P&uacute;blico.<\/p>\n<p>&ldquo;A prova incriminat&oacute;ria, ainda assim muito fr&aacute;gil, est&aacute; limitada aos ind&iacute;cios colhidos na fase inquisit&oacute;ria, amparados em algumas escutas telef&ocirc;nicas, por&eacute;m sem nenhuma confirma&ccedil;&atilde;o sob o crivo do contradit&oacute;rio&rdquo;, sentenciou o juiz sobre os dois homens. &ldquo;N&atilde;o pode o Juiz, evidentemente, aceitar pura e simplesmente as pondera&ccedil;&otilde;es da autoridade policial, atribuindo plena validade aos elementos probat&oacute;rios obtidos nas investiga&ccedil;&otilde;es policiais, sendo de todo recomend&aacute;vel que sejam estes dados confrontados com outros obtidos em Ju&iacute;zo, para verificar se, desse conjunto probat&oacute;rio, resulta convic&ccedil;&atilde;o plena de autoria e materialidade, necess&aacute;ria para um ju&iacute;zo de condena&ccedil;&atilde;o&rdquo;, continua na senten&ccedil;a.<\/p>\n<p>Segundo acusa&ccedil;&otilde;es do Minist&eacute;rio P&uacute;blico, Raymondi Barbosa foi o mentor intelectual do seq&uuml;estro dos dois profissionais da TV Globo porque queria divulgar na imprensa um manifesto contra a situa&ccedil;&atilde;o dos detentos na cadeia. <\/p>\n<p>Outros dois acusados pelo seq&uuml;estro, Douglas Dias de Moraes e o manobrista Luciano Jos&eacute; da Silva, foram absolvidos pelo Tribunal de Justi&ccedil;a de S&atilde;o Paulo, em agosto do ano passado. O mesmo juiz tamb&eacute;m alegou falta de provas. Cabe recurso.<\/p>\n<p><span><strong>Seq&uuml;estro<\/p>\n<p><\/strong><\/span><span>Portanova e Calado foram seq&uuml;estrados na manh&atilde; do dia 12\/09\/06 por integrantes do Primeiro Comando da Capital (PCC) em uma padaria, pr&oacute;xima &agrave; TV Globo. Horas depois, os criminosos libertaram o auxiliar t&eacute;cnico com uma fita de v&iacute;deo que deveria ser exibida na programa&ccedil;&atilde;o da emissora, caso contr&aacute;rio o rep&oacute;rter seria assassinado.<\/p>\n<p><\/span>A Globo cumpriu a determina&ccedil;&atilde;o exibindo o v&iacute;deo com cr&iacute;ticas ao Regime Disciplinar Diferenciado (RDD) feitas por um integrante da fac&ccedil;&atilde;o criminosa vestido com uma m&aacute;scara. A decis&atilde;o da empresa foi referendada pelo Instituto Internacional para a Seguran&ccedil;a da Imprensa (INSI, na sigla em ingl&ecirc;s), com base em Bruxelas, sem o aval da pol&iacute;cia ou do governo de S&atilde;o Paulo.&nbsp;<\/p>\n","protected":false},"excerpt":{"rendered":"<p>O juiz Djalma Rubens Lofrano Filho, da 7&ordf; Vara Criminal da Capital de S&atilde;o Paulo, decidiu que n&atilde;o h&aacute; provas de envolvimento de tr&ecirc;s acusados do seq&uuml;estro do rep&oacute;rter Guilherme Portanova e o auxiliar t&eacute;cnico Alexandre Calado, ambos da TV Globo, em agosto de 2006. Segundo o juiz, a a&ccedil;&atilde;o &eacute; improcedente, j&aacute; que n&atilde;o &hellip; <a href=\"https:\/\/obscom.intervozes.org.br\/?p=20539\" class=\"more-link\">Continue lendo <span class=\"screen-reader-text\">Justi\u00e7a absolve mais tr\u00eas acusados do seq\u00fcestro de profissionais da Globo<\/span> <span class=\"meta-nav\">&rarr;<\/span><\/a><\/p>\n","protected":false},"author":1,"featured_media":0,"comment_status":"open","ping_status":"open","sticky":false,"template":"","format":"standard","meta":{"footnotes":""},"categories":[40],"tags":[271],"_links":{"self":[{"href":"https:\/\/obscom.intervozes.org.br\/index.php?rest_route=\/wp\/v2\/posts\/20539"}],"collection":[{"href":"https:\/\/obscom.intervozes.org.br\/index.php?rest_route=\/wp\/v2\/posts"}],"about":[{"href":"https:\/\/obscom.intervozes.org.br\/index.php?rest_route=\/wp\/v2\/types\/post"}],"author":[{"embeddable":true,"href":"https:\/\/obscom.intervozes.org.br\/index.php?rest_route=\/wp\/v2\/users\/1"}],"replies":[{"embeddable":true,"href":"https:\/\/obscom.intervozes.org.br\/index.php?rest_route=%2Fwp%2Fv2%2Fcomments&post=20539"}],"version-history":[{"count":0,"href":"https:\/\/obscom.intervozes.org.br\/index.php?rest_route=\/wp\/v2\/posts\/20539\/revisions"}],"wp:attachment":[{"href":"https:\/\/obscom.intervozes.org.br\/index.php?rest_route=%2Fwp%2Fv2%2Fmedia&parent=20539"}],"wp:term":[{"taxonomy":"category","embeddable":true,"href":"https:\/\/obscom.intervozes.org.br\/index.php?rest_route=%2Fwp%2Fv2%2Fcategories&post=20539"},{"taxonomy":"post_tag","embeddable":true,"href":"https:\/\/obscom.intervozes.org.br\/index.php?rest_route=%2Fwp%2Fv2%2Ftags&post=20539"}],"curies":[{"name":"wp","href":"https:\/\/api.w.org\/{rel}","templated":true}]}}