{"id":20534,"date":"2008-02-25T23:41:28","date_gmt":"2008-02-25T23:41:28","guid":{"rendered":"https:\/\/obscom.intervozes.org.br\/wordpress\/?p=20534"},"modified":"2008-02-25T23:41:28","modified_gmt":"2008-02-25T23:41:28","slug":"sem-quorum-camara-adia-novamente-votacao-da-mp-da-tv-brasil-que-deve-acontecer-nesta-terca-feira","status":"publish","type":"post","link":"https:\/\/obscom.intervozes.org.br\/?p=20534","title":{"rendered":"Sem qu\u00f3rum, C\u00e2mara adia novamente vota\u00e7\u00e3o da MP da TV Brasil, que deve acontecer nesta ter\u00e7a-feira"},"content":{"rendered":"<p>A falta de qu&oacute;rum no Plen&aacute;rio da C&acirc;mara dos Deputados adiou novamente o t&eacute;rmino da vota&ccedil;&atilde;o da Medida Provis&oacute;ria 398\/2007, que cria a Empresa Brasil de Comunica&ccedil;&atilde;o (EBC) e a TV Brasil. A aus&ecirc;ncia dos deputados irritou os parlamentares presentes, como o relator da MP, deputado Walter Pinheiro (PT\/BA), que questionou &agrave; Mesa se o ponto dos faltosos seria cortado, sem obter resposta. No entanto, a suspens&atilde;o da Ordem do Dia n&atilde;o evitou que algumas pol&ecirc;micas sobre a proposta fossem levantadas nos discursos dos parlamentares.<\/p>\n<p>A bancada do Distrito Federal se mobilizou para tentar garantir que a sede da EBC seja em Bras&iacute;lia e n&atilde;o no Rio de Janeiro, como previsto na MP e no projeto de lei de convers&atilde;o assinado por Pinheiro. O debate sobre o tema foi aberto pelo deputado Geraldo Magela (PT\/DF), argumentando que n&atilde;o h&aacute; qualquer motivo que justifique a nova estatal ter sede fora da capital da Rep&uacute;blica.<\/p>\n<p>O discurso desencadeou uma s&eacute;rie de manifesta&ccedil;&otilde;es a favor de que a sede seja em Bras&iacute;lia, com poucas interven&ccedil;&otilde;es em favor do Rio de Janeiro. At&eacute; mesmo o deputado carioca Jorge Bittar (PT) defendeu que a sede e foro da EBC seja em Bras&iacute;lia, desde que exista um escrit&oacute;rio no Rio de Janeiro, que gerenciaria as opera&ccedil;&otilde;es multim&iacute;dia da estatal assim como os est&uacute;dios localizados na capital fluminense.<\/p>\n<p>A seq&uuml;&ecirc;ncia de discursos mostrou que a bancada do DF est&aacute; realmente unida em torno da quest&atilde;o. Deputados do DEM, PSDB, PMDB e PSB eleitos pelo DF sa&iacute;ram em defesa de Bras&iacute;lia como local estrat&eacute;gico para a sede da EBC. Segundo Magela, o governador do DF, Jos&eacute; Roberto Arruda (DEM), garantiu que ir&aacute; ajudar na instala&ccedil;&atilde;o da estatal. &quot;N&atilde;o temos a mesma posi&ccedil;&atilde;o partid&aacute;ria, mas temos a mesma convic&ccedil;&atilde;o&quot;, teria dito Arruda &agrave; Magela.<\/p>\n<p>Os discursos indicaram um prov&aacute;vel consenso sobre o estabelecimento de Bras&iacute;lia como sede e o Rio como gestor dos servi&ccedil;os multim&iacute;dia. A vota&ccedil;&atilde;o ser&aacute; reaberta na sess&atilde;o de amanh&atilde; e a quest&atilde;o dever&aacute; ser votada como um dos destaques. <\/p>\n<p>As informa&ccedil;&otilde;es s&atilde;o de Mariana Mazza, da TELA VIVA News.<\/p>\n","protected":false},"excerpt":{"rendered":"<p>A falta de qu&oacute;rum no Plen&aacute;rio da C&acirc;mara dos Deputados adiou novamente o t&eacute;rmino da vota&ccedil;&atilde;o da Medida Provis&oacute;ria 398\/2007, que cria a Empresa Brasil de Comunica&ccedil;&atilde;o (EBC) e a TV Brasil. A aus&ecirc;ncia dos deputados irritou os parlamentares presentes, como o relator da MP, deputado Walter Pinheiro (PT\/BA), que questionou &agrave; Mesa se o &hellip; <a href=\"https:\/\/obscom.intervozes.org.br\/?p=20534\" class=\"more-link\">Continue lendo <span class=\"screen-reader-text\">Sem qu\u00f3rum, C\u00e2mara adia novamente vota\u00e7\u00e3o da MP da TV Brasil, que deve acontecer nesta ter\u00e7a-feira<\/span> <span class=\"meta-nav\">&rarr;<\/span><\/a><\/p>\n","protected":false},"author":1,"featured_media":0,"comment_status":"open","ping_status":"open","sticky":false,"template":"","format":"standard","meta":{"footnotes":""},"categories":[39],"tags":[],"_links":{"self":[{"href":"https:\/\/obscom.intervozes.org.br\/index.php?rest_route=\/wp\/v2\/posts\/20534"}],"collection":[{"href":"https:\/\/obscom.intervozes.org.br\/index.php?rest_route=\/wp\/v2\/posts"}],"about":[{"href":"https:\/\/obscom.intervozes.org.br\/index.php?rest_route=\/wp\/v2\/types\/post"}],"author":[{"embeddable":true,"href":"https:\/\/obscom.intervozes.org.br\/index.php?rest_route=\/wp\/v2\/users\/1"}],"replies":[{"embeddable":true,"href":"https:\/\/obscom.intervozes.org.br\/index.php?rest_route=%2Fwp%2Fv2%2Fcomments&post=20534"}],"version-history":[{"count":0,"href":"https:\/\/obscom.intervozes.org.br\/index.php?rest_route=\/wp\/v2\/posts\/20534\/revisions"}],"wp:attachment":[{"href":"https:\/\/obscom.intervozes.org.br\/index.php?rest_route=%2Fwp%2Fv2%2Fmedia&parent=20534"}],"wp:term":[{"taxonomy":"category","embeddable":true,"href":"https:\/\/obscom.intervozes.org.br\/index.php?rest_route=%2Fwp%2Fv2%2Fcategories&post=20534"},{"taxonomy":"post_tag","embeddable":true,"href":"https:\/\/obscom.intervozes.org.br\/index.php?rest_route=%2Fwp%2Fv2%2Ftags&post=20534"}],"curies":[{"name":"wp","href":"https:\/\/api.w.org\/{rel}","templated":true}]}}