{"id":20532,"date":"2008-02-25T17:27:06","date_gmt":"2008-02-25T17:27:06","guid":{"rendered":"https:\/\/obscom.intervozes.org.br\/wordpress\/?p=20532"},"modified":"2008-02-25T17:27:06","modified_gmt":"2008-02-25T17:27:06","slug":"conanda-divulga-nota-em-apoio-a-adequacao-da-programacao-de-tv-ao-fuso-horario-local","status":"publish","type":"post","link":"https:\/\/obscom.intervozes.org.br\/?p=20532","title":{"rendered":"Conanda divulga nota em apoio \u00e0 adequa\u00e7\u00e3o da programa\u00e7\u00e3o de TV ao fuso hor\u00e1rio local"},"content":{"rendered":"<p>O Conselho Nacional dos Direitos da Crian&ccedil;a e do Adolescente (Conanda) expressou sua aprova&ccedil;&atilde;o &agrave; adequa&ccedil;&atilde;o da programa&ccedil;&atilde;o televisiva ao fuso hor&aacute;rio local, como estabelece a portaria 1220 do Minist&eacute;rio da Justi&ccedil;a, em vigor desde julho de 2007. A nota p&uacute;blica foi divulgada no final da &uacute;ltima Assembl&eacute;ia do Conselho, realizada no dia 21 de fevereiro. Para o Conanda, descumprir a portaria &eacute; criar desigualdades regionais na garantia de direitos da crian&ccedil;a e do adolescente, j&aacute; que permitiria ir ao ar conte&uacute;dos potencialmente inadequados a determinadas idades. <\/p>\n<p>O documento do Conanda tamb&eacute;m reconhece o pioneirismo e os avan&ccedil;os conquistados pelo Minist&eacute;rio da Justi&ccedil;a na prote&ccedil;&atilde;o dos direitos infanto-juvenis atrav&eacute;s da classifica&ccedil;&atilde;o indicativa. O F&oacute;rum Nacional de Defesa dos Direitos da Crian&ccedil;a e do Adolescente (F&oacute;rum DCA) tamb&eacute;m pretende produzir um documento de apoio ao cumprimento nacional das regras da Classifica&ccedil;&atilde;o Indicativa e entreg&aacute;-lo ao Minist&eacute;rio da Justi&ccedil;a.<\/p>\n<p><a href=\"http:\/\/www.andi.org.br\/_docs\/nota_publica_conanda.doc\">Para acessar a &iacute;ntegra do documento da Conanda, cliqui aqui.<\/a><\/p>\n<p>As informa&ccedil;&otilde;es s&atilde;o da Ag&ecirc;ncia em Defesa da Inf&acirc;ncia &#8211; <a href=\"http:\/\/www.girasilsolidario.org.br\/\">www.girasilsolidario.org.br<\/a><\/p>\n","protected":false},"excerpt":{"rendered":"<p>O Conselho Nacional dos Direitos da Crian&ccedil;a e do Adolescente (Conanda) expressou sua aprova&ccedil;&atilde;o &agrave; adequa&ccedil;&atilde;o da programa&ccedil;&atilde;o televisiva ao fuso hor&aacute;rio local, como estabelece a portaria 1220 do Minist&eacute;rio da Justi&ccedil;a, em vigor desde julho de 2007. A nota p&uacute;blica foi divulgada no final da &uacute;ltima Assembl&eacute;ia do Conselho, realizada no dia 21 de &hellip; <a href=\"https:\/\/obscom.intervozes.org.br\/?p=20532\" class=\"more-link\">Continue lendo <span class=\"screen-reader-text\">Conanda divulga nota em apoio \u00e0 adequa\u00e7\u00e3o da programa\u00e7\u00e3o de TV ao fuso hor\u00e1rio local<\/span> <span class=\"meta-nav\">&rarr;<\/span><\/a><\/p>\n","protected":false},"author":1,"featured_media":0,"comment_status":"open","ping_status":"open","sticky":false,"template":"","format":"standard","meta":{"footnotes":""},"categories":[39],"tags":[],"_links":{"self":[{"href":"https:\/\/obscom.intervozes.org.br\/index.php?rest_route=\/wp\/v2\/posts\/20532"}],"collection":[{"href":"https:\/\/obscom.intervozes.org.br\/index.php?rest_route=\/wp\/v2\/posts"}],"about":[{"href":"https:\/\/obscom.intervozes.org.br\/index.php?rest_route=\/wp\/v2\/types\/post"}],"author":[{"embeddable":true,"href":"https:\/\/obscom.intervozes.org.br\/index.php?rest_route=\/wp\/v2\/users\/1"}],"replies":[{"embeddable":true,"href":"https:\/\/obscom.intervozes.org.br\/index.php?rest_route=%2Fwp%2Fv2%2Fcomments&post=20532"}],"version-history":[{"count":0,"href":"https:\/\/obscom.intervozes.org.br\/index.php?rest_route=\/wp\/v2\/posts\/20532\/revisions"}],"wp:attachment":[{"href":"https:\/\/obscom.intervozes.org.br\/index.php?rest_route=%2Fwp%2Fv2%2Fmedia&parent=20532"}],"wp:term":[{"taxonomy":"category","embeddable":true,"href":"https:\/\/obscom.intervozes.org.br\/index.php?rest_route=%2Fwp%2Fv2%2Fcategories&post=20532"},{"taxonomy":"post_tag","embeddable":true,"href":"https:\/\/obscom.intervozes.org.br\/index.php?rest_route=%2Fwp%2Fv2%2Ftags&post=20532"}],"curies":[{"name":"wp","href":"https:\/\/api.w.org\/{rel}","templated":true}]}}