{"id":20528,"date":"2008-02-25T15:13:48","date_gmt":"2008-02-25T15:13:48","guid":{"rendered":"https:\/\/obscom.intervozes.org.br\/wordpress\/?p=20528"},"modified":"2008-02-25T15:13:48","modified_gmt":"2008-02-25T15:13:48","slug":"liminar-do-stf-e-inocua-diz-federacao-nacional-dos-jornalistas","status":"publish","type":"post","link":"https:\/\/obscom.intervozes.org.br\/?p=20528","title":{"rendered":"Liminar do STF \u00e9 &#8216;in\u00f3cua&#8217;, diz Federa\u00e7\u00e3o Nacional dos Jornalistas"},"content":{"rendered":"<p>Bras&iacute;lia &#8211; A decis&atilde;o do ministro do Supremo Tribunal Federal (STF), Carlos Ayres Britto, que suspendeu a aplica&ccedil;&atilde;o de artigos da Lei de Imprensa (Lei 5.250\/67), praticamente n&atilde;o ter&aacute; reflexo nos processos em curso contra os profissionais do setor, afirmou hoje (22) &agrave; Ag&ecirc;ncia Brasil o diretor do departamento de mobiliza&ccedil;&atilde;o, direito autoral e sindical da Federa&ccedil;&atilde;o Nacional dos Jornalistas (Fenaj). Jos&eacute; Carlos Torves.<\/p>\n<p>&ldquo;Vimos como in&oacute;cua a decis&atilde;o. Ela n&atilde;o tem nenhum efeito na vida real, n&atilde;o muda absolutamente nada. A maioria dos processos, os de h&aacute; um bom tempo e tamb&eacute;m os atuais, &eacute; baseada no C&oacute;digo Penal ou no C&oacute;digo Civil&quot;, acrescentou.<\/p>\n<p>A liminar no STF exclui a aplica&ccedil;&atilde;o dos artigos 20, 21 e 22 da Lei de Imprensa, que tratam dos crimes de inj&uacute;ria, cal&uacute;nia e difama&ccedil;&atilde;o contra jornalistas no exerc&iacute;cio da profiss&atilde;o ou contra empresa de comunica&ccedil;&atilde;o. <\/p>\n<p>A a&ccedil;&atilde;o que partiu do deputado federal Mirto Teixeira (PDT-RJ) teve, segundo a Fenaj, o m&eacute;rito de recolocar o debate sobre a legisla&ccedil;&atilde;o dos jornalistas na agenda nacional, mas se mostrou &ldquo;equivocada&rdquo; ao propor a extin&ccedil;&atilde;o da totalidade da Lei de Imprensa. &ldquo;A extin&ccedil;&atilde;o nos coloca no rol de crimes comuns e acreditamos que n&atilde;o podemos entrar nesse patamar&rdquo;, destacou Torves.<\/p>\n<p>A Fenaj defende a aprova&ccedil;&atilde;o do Projeto de Lei n&ordm; 3.232\/92, que estabelece uma nova Lei de Imprensa e est&aacute; com tramita&ccedil;&atilde;o paralisada no Senado Federal. Para a entidade, a proposta atende &agrave; conjuntura atual das rela&ccedil;&otilde;es dos ve&iacute;culos de comunica&ccedil;&atilde;o e jornalistas com a sociedade. <\/p>\n<p>&ldquo;&Eacute; uma lei de consenso entre jornalistas e propriet&aacute;rios de ve&iacute;culos. N&atilde;o h&aacute; motivo para estar engavetada. O projeto descriminaliza a rela&ccedil;&atilde;o dos jornalistas com a sociedade e nos remete a alguns crit&eacute;rios de penalidades que um jornalista ou ve&iacute;culo deve sofrer &rdquo;, acrescentou. <\/p>\n","protected":false},"excerpt":{"rendered":"<p>Bras&iacute;lia &#8211; A decis&atilde;o do ministro do Supremo Tribunal Federal (STF), Carlos Ayres Britto, que suspendeu a aplica&ccedil;&atilde;o de artigos da Lei de Imprensa (Lei 5.250\/67), praticamente n&atilde;o ter&aacute; reflexo nos processos em curso contra os profissionais do setor, afirmou hoje (22) &agrave; Ag&ecirc;ncia Brasil o diretor do departamento de mobiliza&ccedil;&atilde;o, direito autoral e sindical &hellip; <a href=\"https:\/\/obscom.intervozes.org.br\/?p=20528\" class=\"more-link\">Continue lendo <span class=\"screen-reader-text\">Liminar do STF \u00e9 &#8216;in\u00f3cua&#8217;, diz Federa\u00e7\u00e3o Nacional dos Jornalistas<\/span> <span class=\"meta-nav\">&rarr;<\/span><\/a><\/p>\n","protected":false},"author":1,"featured_media":0,"comment_status":"open","ping_status":"open","sticky":false,"template":"","format":"standard","meta":{"footnotes":""},"categories":[40],"tags":[651],"_links":{"self":[{"href":"https:\/\/obscom.intervozes.org.br\/index.php?rest_route=\/wp\/v2\/posts\/20528"}],"collection":[{"href":"https:\/\/obscom.intervozes.org.br\/index.php?rest_route=\/wp\/v2\/posts"}],"about":[{"href":"https:\/\/obscom.intervozes.org.br\/index.php?rest_route=\/wp\/v2\/types\/post"}],"author":[{"embeddable":true,"href":"https:\/\/obscom.intervozes.org.br\/index.php?rest_route=\/wp\/v2\/users\/1"}],"replies":[{"embeddable":true,"href":"https:\/\/obscom.intervozes.org.br\/index.php?rest_route=%2Fwp%2Fv2%2Fcomments&post=20528"}],"version-history":[{"count":0,"href":"https:\/\/obscom.intervozes.org.br\/index.php?rest_route=\/wp\/v2\/posts\/20528\/revisions"}],"wp:attachment":[{"href":"https:\/\/obscom.intervozes.org.br\/index.php?rest_route=%2Fwp%2Fv2%2Fmedia&parent=20528"}],"wp:term":[{"taxonomy":"category","embeddable":true,"href":"https:\/\/obscom.intervozes.org.br\/index.php?rest_route=%2Fwp%2Fv2%2Fcategories&post=20528"},{"taxonomy":"post_tag","embeddable":true,"href":"https:\/\/obscom.intervozes.org.br\/index.php?rest_route=%2Fwp%2Fv2%2Ftags&post=20528"}],"curies":[{"name":"wp","href":"https:\/\/api.w.org\/{rel}","templated":true}]}}