{"id":20504,"date":"2008-02-22T10:16:14","date_gmt":"2008-02-22T10:16:14","guid":{"rendered":"https:\/\/obscom.intervozes.org.br\/wordpress\/?p=20504"},"modified":"2008-02-22T10:16:14","modified_gmt":"2008-02-22T10:16:14","slug":"agencia-aprova-revogacao-do-edital-das-faixas-do-wimax","status":"publish","type":"post","link":"https:\/\/obscom.intervozes.org.br\/?p=20504","title":{"rendered":"Ag\u00eancia aprova revoga\u00e7\u00e3o do edital das faixas do WiMAX"},"content":{"rendered":"<p>A primeira etapa para que a Anatel possa cumprir sua agenda de leiloar as freq&uuml;&ecirc;ncias para as faixas de 3,5 GHz e 10,5 GHz ainda neste ano foi acertada nesta quarta-feira, 20. O Conselho Diretor da ag&ecirc;ncia aprovou a revoga&ccedil;&atilde;o do edital 002\/2006-SPV, lan&ccedil;ado h&aacute; dois anos e embargado pelo Tribunal de Contas da Uni&atilde;o (TCU). O tribunal questionou o estudo de viabilidade econ&ocirc;mica usado pela Anatel para construir o edital e exigiu da autarquia mudan&ccedil;as no sistema de precifica&ccedil;&atilde;o das licen&ccedil;as. As faixas podem ser utilizadas apara o WiMAX.<\/p>\n<p>Depois desse longo debate com o TCU, a ag&ecirc;ncia acredita ter acertado internamente os pontos inconsistentes em seu m&eacute;todo apontados pela &aacute;rea t&eacute;cnica do tribunal. Os detalhes de como ser&aacute; o novo edital n&atilde;o foram apresentados ainda pela Anatel. Nem mesmo a data em que ser&aacute; oficialmente revogado o antigo edital foi divulgada.<\/p>\n<p>Segundo informa&ccedil;&otilde;es da assessoria da ag&ecirc;ncia, ainda ser&aacute; preciso percorrer mais uma trilha burocr&aacute;tica antes da divulga&ccedil;&atilde;o de um novo edital. Para que a equipe de t&eacute;cnicos possa revogar o chamamento em vigor, ser&aacute; preciso publicar um ato no Di&aacute;rio Oficial tornando p&uacute;blica a inten&ccedil;&atilde;o de anular o edital e explicando os procedimentos que ser&atilde;o tomados nesse sentido.<\/p>\n<p>Tamb&eacute;m ser&aacute; necess&aacute;rio consultar as empresas que estavam dispostas a participar da disputa e chegaram a fazer os dep&oacute;sitos em garantia exigidos pela ag&ecirc;ncia. E n&atilde;o s&atilde;o poucas as empresas a serem ouvidas. Cerca de 100 interessadas nas licen&ccedil;as compareceram &agrave; Anatel na manh&atilde; do dia 4 de setembro de 2006, quando seria realizado o leil&atilde;o. <\/p>\n","protected":false},"excerpt":{"rendered":"<p>A primeira etapa para que a Anatel possa cumprir sua agenda de leiloar as freq&uuml;&ecirc;ncias para as faixas de 3,5 GHz e 10,5 GHz ainda neste ano foi acertada nesta quarta-feira, 20. O Conselho Diretor da ag&ecirc;ncia aprovou a revoga&ccedil;&atilde;o do edital 002\/2006-SPV, lan&ccedil;ado h&aacute; dois anos e embargado pelo Tribunal de Contas da Uni&atilde;o &hellip; <a href=\"https:\/\/obscom.intervozes.org.br\/?p=20504\" class=\"more-link\">Continue lendo <span class=\"screen-reader-text\">Ag\u00eancia aprova revoga\u00e7\u00e3o do edital das faixas do WiMAX<\/span> <span class=\"meta-nav\">&rarr;<\/span><\/a><\/p>\n","protected":false},"author":1,"featured_media":0,"comment_status":"open","ping_status":"open","sticky":false,"template":"","format":"standard","meta":{"footnotes":""},"categories":[40],"tags":[152],"_links":{"self":[{"href":"https:\/\/obscom.intervozes.org.br\/index.php?rest_route=\/wp\/v2\/posts\/20504"}],"collection":[{"href":"https:\/\/obscom.intervozes.org.br\/index.php?rest_route=\/wp\/v2\/posts"}],"about":[{"href":"https:\/\/obscom.intervozes.org.br\/index.php?rest_route=\/wp\/v2\/types\/post"}],"author":[{"embeddable":true,"href":"https:\/\/obscom.intervozes.org.br\/index.php?rest_route=\/wp\/v2\/users\/1"}],"replies":[{"embeddable":true,"href":"https:\/\/obscom.intervozes.org.br\/index.php?rest_route=%2Fwp%2Fv2%2Fcomments&post=20504"}],"version-history":[{"count":0,"href":"https:\/\/obscom.intervozes.org.br\/index.php?rest_route=\/wp\/v2\/posts\/20504\/revisions"}],"wp:attachment":[{"href":"https:\/\/obscom.intervozes.org.br\/index.php?rest_route=%2Fwp%2Fv2%2Fmedia&parent=20504"}],"wp:term":[{"taxonomy":"category","embeddable":true,"href":"https:\/\/obscom.intervozes.org.br\/index.php?rest_route=%2Fwp%2Fv2%2Fcategories&post=20504"},{"taxonomy":"post_tag","embeddable":true,"href":"https:\/\/obscom.intervozes.org.br\/index.php?rest_route=%2Fwp%2Fv2%2Ftags&post=20504"}],"curies":[{"name":"wp","href":"https:\/\/api.w.org\/{rel}","templated":true}]}}