{"id":20501,"date":"2008-02-21T19:43:04","date_gmt":"2008-02-21T19:43:04","guid":{"rendered":"https:\/\/obscom.intervozes.org.br\/wordpress\/?p=20501"},"modified":"2008-02-21T19:43:04","modified_gmt":"2008-02-21T19:43:04","slug":"observatorio-de-midia-regional-lanca-pagina-eletronica","status":"publish","type":"post","link":"https:\/\/obscom.intervozes.org.br\/?p=20501","title":{"rendered":"Observat\u00f3rio de M\u00eddia Regional lan\u00e7a p\u00e1gina eletr\u00f4nica"},"content":{"rendered":"<p><span>Recife &#8211; Foi lan&ccedil;ada nesta quinta-feira (21) a p&aacute;gina eletr&ocirc;nica do Observat&oacute;rio da M&iacute;dia Regional (<a href=\"http:\/\/www.ufpe.br\/observatorio\">www.ufpe.br\/observatorio<\/a>), projeto ligado ao programa de P&oacute;s-gradua&ccedil;&atilde;o em Comunica&ccedil;&atilde;o da Universidade Federal de Pernambuco (UFPE) e realizado em parceria com entidades da sociedade civil. A p&aacute;gina eletr&ocirc;nica tem como objetivo divulgar as a&ccedil;&otilde;es do observat&oacute;rio, que existe desde de julho de 2007, e subsidiar a discuss&atilde;o sobre o controle social da m&iacute;dia.<\/p>\n<p><\/span><span>O monitoramento dos meios de comunica&ccedil;&atilde;o&nbsp;locais &eacute; feito pelos pesquisadores com a colabora&ccedil;&atilde;o de estudantes do curso de comunica&ccedil;&atilde;o da UFPE, que fazem a clipagem de jornais e da programa&ccedil;&atilde;o de r&aacute;dio e televis&atilde;o, e analisam o conte&uacute;do selecionado em conjunto com os coordenadores e colaboradores do projeto. O acompanhamento da m&iacute;dia pelos pesquisadores&nbsp;busca detectar tanto as viola&ccedil;&otilde;es de direitos humanos nos conte&uacute;dos, quanto as infra&ccedil;&otilde;es &agrave; legisla&ccedil;&atilde;o que regula o setor.<\/p>\n<p><\/span><span>Al&eacute;m do apoio do CNPq &#8211; Conselho Nacional de Desenvolvimento Cient&iacute;fico e Tecnol&oacute;gico, e da parceria com a Campanha Quem Financia a Baixaria &eacute; Contra a Cidadania, fazem parte do projeto parceiros da sociedade civil como o Centro de Cultura Luiz Freire, o Conselho Regional de Psicologia e a Sinos &#8211; Organiza&ccedil;&atilde;o para o Desenvolvimento da Comunica&ccedil;&atilde;o Social.<\/p>\n<p><\/span><span>Edgard Rebou&ccedil;as, coordenador do Observat&oacute;rio e professor da UFPE, avalia que um dos desafios da iniciativa &eacute; fortalecer o di&aacute;logo sobre o controle social da comunica&ccedil;&atilde;o junto aos movimentos sociais, empresas e Estado. &ldquo;Esperamos colaborar com a produ&ccedil;&atilde;o de uma m&iacute;dia de qualidade a m&eacute;dio e longo prazo&rdquo;, diz o professor. Segundo Rebou&ccedil;as, est&atilde;o sendo feitos esfor&ccedil;os para expandir o projeto para os estados do Cear&aacute; e Alagoas.&nbsp; <\/p>\n<p><\/span><span>Atualmente, o Observat&oacute;rio est&aacute; finalizando uma pesquisa que analisou a inser&ccedil;&atilde;o de propagandas de bebidas alco&oacute;licas na programa&ccedil;&atilde;o das r&aacute;dios locais, infringindo a lei 9.294\/96. O relat&oacute;rio final desta an&aacute;lise ser&aacute; encaminhado aos minist&eacute;rios p&uacute;blicos Estadual e Federal, Minist&eacute;rio da Justi&ccedil;a, Minist&eacute;rio da Sa&uacute;de, Anvisa, Minist&eacute;rio das Comunica&ccedil;&otilde;es e Secretaria Municipal de Sa&uacute;de. As penalidades para este tipo de infra&ccedil;&atilde;o s&atilde;o a multa de 5 a 100 mil reais e a suspens&atilde;o da programa&ccedil;&atilde;o por 10 minutos para cada minuto exibido. Outra a&ccedil;&atilde;o do Observat&oacute;rio em andamento &eacute; sobre a publicidade de uma marca de &aacute;gua sanit&aacute;ria que utiliza crian&ccedil;as como &lsquo;garotos-propaganda&rsquo;. <\/p>\n<p><\/span><span>Para Aline Lucena, coordenadora da Sinos, uma das marcas importantes do projeto &eacute; a parceria da universidade, no caso a UFPE, com a sociedade civil. &ldquo;Os movimentos sociais j&aacute; v&ecirc;m trabalhando com a pauta do controle social da m&iacute;dia h&aacute; muito tempo. &Eacute; importante termos esse di&aacute;logo com a universidade sobre os problemas estruturais da nossa m&iacute;dia e poder construir este espa&ccedil;o em parceria.&rdquo;.<\/p>\n<p><\/span><span>Bolsista da UFPE, <span>Patr&iacute;cia Cunha <\/span>ressalta a import&acirc;ncia de envolver estudantes no monitoramento da m&iacute;dia. &ldquo;&Eacute; fundamental termos espa&ccedil;os que estimulem a avalia&ccedil;&atilde;o cr&iacute;tica dos meios de comunica&ccedil;&atilde;o dentro da universidade. Essa experi&ecirc;ncia sem d&uacute;vida &eacute; um diferencial na forma&ccedil;&atilde;o profissional&rdquo;, diz.<\/p>\n<p><\/span><span>Al&eacute;m das atividades de monitoramento dos meios de comunica&ccedil;&atilde;o e di&aacute;logo com as esferas do Estado, em 2008 o Observat&oacute;rio da M&iacute;dia Regional realizar&aacute; em outubro a IV Confer&ecirc;ncia Nacional de M&iacute;dia Cidad&atilde;, em Recife.<\/span><\/p>\n","protected":false},"excerpt":{"rendered":"<p>Recife &#8211; Foi lan&ccedil;ada nesta quinta-feira (21) a p&aacute;gina eletr&ocirc;nica do Observat&oacute;rio da M&iacute;dia Regional (www.ufpe.br\/observatorio), projeto ligado ao programa de P&oacute;s-gradua&ccedil;&atilde;o em Comunica&ccedil;&atilde;o da Universidade Federal de Pernambuco (UFPE) e realizado em parceria com entidades da sociedade civil. A p&aacute;gina eletr&ocirc;nica tem como objetivo divulgar as a&ccedil;&otilde;es do observat&oacute;rio, que existe desde de julho &hellip; <a href=\"https:\/\/obscom.intervozes.org.br\/?p=20501\" class=\"more-link\">Continue lendo <span class=\"screen-reader-text\">Observat\u00f3rio de M\u00eddia Regional lan\u00e7a p\u00e1gina eletr\u00f4nica<\/span> <span class=\"meta-nav\">&rarr;<\/span><\/a><\/p>\n","protected":false},"author":1,"featured_media":0,"comment_status":"open","ping_status":"open","sticky":false,"template":"","format":"standard","meta":{"footnotes":""},"categories":[40],"tags":[607],"_links":{"self":[{"href":"https:\/\/obscom.intervozes.org.br\/index.php?rest_route=\/wp\/v2\/posts\/20501"}],"collection":[{"href":"https:\/\/obscom.intervozes.org.br\/index.php?rest_route=\/wp\/v2\/posts"}],"about":[{"href":"https:\/\/obscom.intervozes.org.br\/index.php?rest_route=\/wp\/v2\/types\/post"}],"author":[{"embeddable":true,"href":"https:\/\/obscom.intervozes.org.br\/index.php?rest_route=\/wp\/v2\/users\/1"}],"replies":[{"embeddable":true,"href":"https:\/\/obscom.intervozes.org.br\/index.php?rest_route=%2Fwp%2Fv2%2Fcomments&post=20501"}],"version-history":[{"count":0,"href":"https:\/\/obscom.intervozes.org.br\/index.php?rest_route=\/wp\/v2\/posts\/20501\/revisions"}],"wp:attachment":[{"href":"https:\/\/obscom.intervozes.org.br\/index.php?rest_route=%2Fwp%2Fv2%2Fmedia&parent=20501"}],"wp:term":[{"taxonomy":"category","embeddable":true,"href":"https:\/\/obscom.intervozes.org.br\/index.php?rest_route=%2Fwp%2Fv2%2Fcategories&post=20501"},{"taxonomy":"post_tag","embeddable":true,"href":"https:\/\/obscom.intervozes.org.br\/index.php?rest_route=%2Fwp%2Fv2%2Ftags&post=20501"}],"curies":[{"name":"wp","href":"https:\/\/api.w.org\/{rel}","templated":true}]}}