{"id":20497,"date":"2008-02-21T17:09:41","date_gmt":"2008-02-21T17:09:41","guid":{"rendered":"https:\/\/obscom.intervozes.org.br\/wordpress\/?p=20497"},"modified":"2008-02-21T17:09:41","modified_gmt":"2008-02-21T17:09:41","slug":"seminario-a-tv-brasil-e-os-desafios-para-a-constituicao-de-um-sistema-publico-de-comunicacao","status":"publish","type":"post","link":"https:\/\/obscom.intervozes.org.br\/?p=20497","title":{"rendered":"Semin\u00e1rio: A TV Brasil e os desafios para a constitui\u00e7\u00e3o de um Sistema P\u00fablico de Comunica\u00e7\u00e3o"},"content":{"rendered":"<p><span><em>Evento re&uacute;ne especialistas e representantes da Empresa Brasil de Comunica&ccedil;&atilde;o; Intervozes apresenta estudo sobre sistemas p&uacute;blicos em 12 pa&iacute;ses<\/p>\n<p><\/em><\/span><span>A cria&ccedil;&atilde;o de um canal de TV p&uacute;blico de &acirc;mbito nacional pode ser a chave para a cria&ccedil;&atilde;o de um sistema p&uacute;blico de comunica&ccedil;&atilde;o? Como fazer isso poss&iacute;vel? Quais experi&ecirc;ncias podem servir de exemplo nesta empreitada? Estas s&atilde;o algumas perguntas que devem pautar o semin&aacute;rio &ldquo;TV Brasil e os Desafios para a Constitui&ccedil;&atilde;o de um Sistema P&uacute;blico de Comunica&ccedil;&atilde;o&rdquo;, marcado para o dia 7 de mar&ccedil;o, no Audit&oacute;rio da Escola de Comunica&ccedil;&otilde;es e Artes da USP.<\/p>\n<p><\/span><span>A partir das 9h30, a presidente da Empresa Brasil de Comunica&ccedil;&atilde;o, Tereza Cruvinel, e Jorge da Cunha Lima, presidente do Conselho Curador da Funda&ccedil;&atilde;o Padre Anchieta, participam da primeira mesa de debates, que discute &ldquo;Os rumos da nova TV p&uacute;blica brasileira&rdquo;. Tamb&eacute;m apresentam suas contribui&ccedil;&otilde;es o economista&nbsp; Luiz Gonzaga Beluzzo, presidente do Conselho Curador da EBC, e Jo&atilde;o Brant, do Intervozes &ndash; Coletivo Brasil de Comunica&ccedil;&atilde;o Social.<\/p>\n<p><\/span><span>Na parte da tarde, ser&atilde;o discutidos &ldquo;Os desafios para a constru&ccedil;&atilde;o de um Sistema P&uacute;blico de Comunica&ccedil;&atilde;o&rdquo;. Apresentam suas reflex&otilde;es sobre o tema o diretor-executivo da EBC, Orlando Senna; o professor da ECA-USP, Laurindo Leal Filho; Wilma Madeira, membro do Grupo de Trabalho em Comunica&ccedil;&atilde;o da Associa&ccedil;&atilde;o Brasileira de Sa&uacute;de Coletiva, e Eug&ecirc;nio Bucci, ex-presidente da Radiobr&aacute;s e pesquisador do Instituto de Estudos Avan&ccedil;ados da USP.<\/p>\n<p><\/span><span>O semin&aacute;rio ser&aacute; marcado tamb&eacute;m pela apresenta&ccedil;&atilde;o de pesquisa realizada pelo Intervozes sobre os sistemas p&uacute;blicos de comunica&ccedil;&atilde;o em 12 pa&iacute;ses. O estudo &eacute; parte do projeto Centro de Refer&ecirc;ncia do Direito &agrave; Comunica&ccedil;&atilde;o, realizado pela organiza&ccedil;&atilde;o.<\/span><span>&nbsp;<\/span> <\/p>\n<p style=\"margin: 0cm 0cm 0pt\" class=\"MsoNormal\">*<\/p>\n<p><span><strong>Semin&aacute;rio &ldquo;TV Brasil e os Desafios para a Constitui&ccedil;&atilde;o de um Sistema P&uacute;blico de Comunica&ccedil;&atilde;o&rdquo;<\/strong><\/span><span><strong>7 de mar&ccedil;o, a partir das 9h30<\/strong><\/span><span><strong>Audit&oacute;rio da ECA-USP<\/strong><\/span><span><strong>(Av. Prof. Luciano Fonseca Rodrigues, 443 &ndash; Pr&eacute;dio Principal &ndash; Cidade Universit&aacute;ria)<\/strong><\/span><span><strong>Informa&ccedil;&otilde;es: 11 3877-0824<\/strong><\/span><span><strong>Realiza&ccedil;&atilde;o: Intervozes &ndash; Coletivo Brasil de Comunica&ccedil;&atilde;o Social<\/strong><\/span> <\/p>\n<p style=\"margin: 0cm 0cm 0pt\" class=\"MsoNormal\"><span><strong>Apoio: ECA-USP<\/strong><\/span><\/p>\n","protected":false},"excerpt":{"rendered":"<p>Evento re&uacute;ne especialistas e representantes da Empresa Brasil de Comunica&ccedil;&atilde;o; Intervozes apresenta estudo sobre sistemas p&uacute;blicos em 12 pa&iacute;ses A cria&ccedil;&atilde;o de um canal de TV p&uacute;blico de &acirc;mbito nacional pode ser a chave para a cria&ccedil;&atilde;o de um sistema p&uacute;blico de comunica&ccedil;&atilde;o? Como fazer isso poss&iacute;vel? Quais experi&ecirc;ncias podem servir de exemplo nesta empreitada? &hellip; <a href=\"https:\/\/obscom.intervozes.org.br\/?p=20497\" class=\"more-link\">Continue lendo <span class=\"screen-reader-text\">Semin\u00e1rio: A TV Brasil e os desafios para a constitui\u00e7\u00e3o de um Sistema P\u00fablico de Comunica\u00e7\u00e3o<\/span> <span class=\"meta-nav\">&rarr;<\/span><\/a><\/p>\n","protected":false},"author":1,"featured_media":0,"comment_status":"open","ping_status":"open","sticky":false,"template":"","format":"standard","meta":{"footnotes":""},"categories":[44],"tags":[],"_links":{"self":[{"href":"https:\/\/obscom.intervozes.org.br\/index.php?rest_route=\/wp\/v2\/posts\/20497"}],"collection":[{"href":"https:\/\/obscom.intervozes.org.br\/index.php?rest_route=\/wp\/v2\/posts"}],"about":[{"href":"https:\/\/obscom.intervozes.org.br\/index.php?rest_route=\/wp\/v2\/types\/post"}],"author":[{"embeddable":true,"href":"https:\/\/obscom.intervozes.org.br\/index.php?rest_route=\/wp\/v2\/users\/1"}],"replies":[{"embeddable":true,"href":"https:\/\/obscom.intervozes.org.br\/index.php?rest_route=%2Fwp%2Fv2%2Fcomments&post=20497"}],"version-history":[{"count":0,"href":"https:\/\/obscom.intervozes.org.br\/index.php?rest_route=\/wp\/v2\/posts\/20497\/revisions"}],"wp:attachment":[{"href":"https:\/\/obscom.intervozes.org.br\/index.php?rest_route=%2Fwp%2Fv2%2Fmedia&parent=20497"}],"wp:term":[{"taxonomy":"category","embeddable":true,"href":"https:\/\/obscom.intervozes.org.br\/index.php?rest_route=%2Fwp%2Fv2%2Fcategories&post=20497"},{"taxonomy":"post_tag","embeddable":true,"href":"https:\/\/obscom.intervozes.org.br\/index.php?rest_route=%2Fwp%2Fv2%2Ftags&post=20497"}],"curies":[{"name":"wp","href":"https:\/\/api.w.org\/{rel}","templated":true}]}}