{"id":20494,"date":"2008-02-21T16:09:23","date_gmt":"2008-02-21T16:09:23","guid":{"rendered":"https:\/\/obscom.intervozes.org.br\/wordpress\/?p=20494"},"modified":"2008-02-21T16:09:23","modified_gmt":"2008-02-21T16:09:23","slug":"controle-acionario-da-globo-de-sao-paulo-esta-nas-maos-do-stj","status":"publish","type":"post","link":"https:\/\/obscom.intervozes.org.br\/?p=20494","title":{"rendered":"Controle acion\u00e1rio da Globo de S\u00e3o Paulo est\u00e1 nas m\u00e3os do STJ"},"content":{"rendered":"<p>A 4&ordf; Turma do Superior Tribunal de Justi&ccedil;a vai analisar o recurso no qual a fam&iacute;lia Ortiz Monteiro tenta retomar o controle acion&aacute;rio da TV Globo de S&atilde;o Paulo (ex-R&aacute;dio e Televis&atilde;o Paulista S\/A). O ministro Jo&atilde;o Ot&aacute;vio Noronha acolheu um Agravo de Instrumento ajuizado pela defesa da fam&iacute;lia e determinou a subida do Recurso Especial. N&atilde;o h&aacute; data marcada para o julgamento.<\/p>\n<p>Os Ortiz Monteiro reclamam da decis&atilde;o do Tribunal de Justi&ccedil;a do Rio de Janeiro, que julgou prescrita a a&ccedil;&atilde;o. Atualmente, o controle acion&aacute;rio da TV Globo pertence &agrave; fam&iacute;lia Marinho. A defesa dos Ortiz alega que a transfer&ecirc;ncia do controle acion&aacute;rio para o empres&aacute;rio Roberto Marinho foi feita por meio de documentos considerados enganosos e irregulares.<\/p>\n<p>A antecessora da TV Globo foi fundada por Oswaldo Junqueira Ortiz Monteiro, Hernani Junqueira Ortiz Monteiro, Manoel Vicente da Costa e Manoel Bento da Costa, titulares de 52% do capital social da empresa entre os anos de 1952 e 1977. Essa participa&ccedil;&atilde;o era representada por 15.099 a&ccedil;&otilde;es ordin&aacute;rias e preferenciais. O restante, 14.285, estavam distribu&iacute;das entre 650 acionistas. A primeira transfer&ecirc;ncia do capital social &agrave; fam&iacute;lia Marinho ocorreu em 5 de dezembro de 1964. A segunda, em 23 de julho de 1975.<\/p>\n<p>A defesa da fam&iacute;lia Ortiz Monteiro afirma que &ldquo;a transfer&ecirc;ncia ocorreu com irregularidades, mediante diversos documentos (&#8230;) mal redigidos e com imprecis&otilde;es, sem qualquer registro nos &oacute;rg&atilde;os competentes e sem firmas dos signat&aacute;rios reconhecidas&rdquo;. Nas procura&ccedil;&otilde;es, datadas de 1953 e 1964, estariam anotados ainda os n&uacute;meros de CPF dos representantes de Roberto Marinho, com endere&ccedil;os falsos. Para a defesa, isso seria indica&ccedil;&atilde;o da ilegalidade, j&aacute; que o cadastro de controle da Receita Federal, conhecido como CIC ou CPF s&oacute; foi institu&iacute;do na d&eacute;cada de 70.<\/p>\n<p>A primeira inst&acirc;ncia entendeu que houve prescri&ccedil;&atilde;o no caso. O posicionamento foi mantido pelo Tribunal de Justi&ccedil;a do Rio de Janeiro. A fam&iacute;lia Ortiz entrou com Embargos Declarat&oacute;rios, mas foram rejeitados. No recurso para o STJ, a defesa pretende modificar a decis&atilde;o que declarou a prescri&ccedil;&atilde;o. E mais: quer que o STJ obrigue a Justi&ccedil;a do Rio a examinar as alega&ccedil;&otilde;es de ilegalidade na transfer&ecirc;ncia do controle acion&aacute;rio.<\/p>\n","protected":false},"excerpt":{"rendered":"<p>A 4&ordf; Turma do Superior Tribunal de Justi&ccedil;a vai analisar o recurso no qual a fam&iacute;lia Ortiz Monteiro tenta retomar o controle acion&aacute;rio da TV Globo de S&atilde;o Paulo (ex-R&aacute;dio e Televis&atilde;o Paulista S\/A). O ministro Jo&atilde;o Ot&aacute;vio Noronha acolheu um Agravo de Instrumento ajuizado pela defesa da fam&iacute;lia e determinou a subida do Recurso &hellip; <a href=\"https:\/\/obscom.intervozes.org.br\/?p=20494\" class=\"more-link\">Continue lendo <span class=\"screen-reader-text\">Controle acion\u00e1rio da Globo de S\u00e3o Paulo est\u00e1 nas m\u00e3os do STJ<\/span> <span class=\"meta-nav\">&rarr;<\/span><\/a><\/p>\n","protected":false},"author":1,"featured_media":0,"comment_status":"open","ping_status":"open","sticky":false,"template":"","format":"standard","meta":{"footnotes":""},"categories":[40],"tags":[66],"_links":{"self":[{"href":"https:\/\/obscom.intervozes.org.br\/index.php?rest_route=\/wp\/v2\/posts\/20494"}],"collection":[{"href":"https:\/\/obscom.intervozes.org.br\/index.php?rest_route=\/wp\/v2\/posts"}],"about":[{"href":"https:\/\/obscom.intervozes.org.br\/index.php?rest_route=\/wp\/v2\/types\/post"}],"author":[{"embeddable":true,"href":"https:\/\/obscom.intervozes.org.br\/index.php?rest_route=\/wp\/v2\/users\/1"}],"replies":[{"embeddable":true,"href":"https:\/\/obscom.intervozes.org.br\/index.php?rest_route=%2Fwp%2Fv2%2Fcomments&post=20494"}],"version-history":[{"count":0,"href":"https:\/\/obscom.intervozes.org.br\/index.php?rest_route=\/wp\/v2\/posts\/20494\/revisions"}],"wp:attachment":[{"href":"https:\/\/obscom.intervozes.org.br\/index.php?rest_route=%2Fwp%2Fv2%2Fmedia&parent=20494"}],"wp:term":[{"taxonomy":"category","embeddable":true,"href":"https:\/\/obscom.intervozes.org.br\/index.php?rest_route=%2Fwp%2Fv2%2Fcategories&post=20494"},{"taxonomy":"post_tag","embeddable":true,"href":"https:\/\/obscom.intervozes.org.br\/index.php?rest_route=%2Fwp%2Fv2%2Ftags&post=20494"}],"curies":[{"name":"wp","href":"https:\/\/api.w.org\/{rel}","templated":true}]}}